{"id":1170,"date":"2010-05-11T08:51:18","date_gmt":"2010-05-11T08:51:18","guid":{"rendered":"http:\/\/blogs.diariovasco.com\/eljukebox\/?p=1170"},"modified":"2010-05-11T08:51:18","modified_gmt":"2010-05-11T08:51:18","slug":"ni_dios_ni_twitter","status":"publish","type":"post","link":"https:\/\/blogs.diariovasco.com\/eljukebox\/2010\/05\/11\/ni_dios_ni_twitter\/","title":{"rendered":"Ni Dios, ni Twitter"},"content":{"rendered":"<p><P>Aunque fuera de la casa de Guadalix de la Sierra todo se minimiza, lo cierto es que el borrado twittero de ayer tarde es toda una premonici\u00f3n. Con los marcadores de &#8216;seguidos&#8217; y &#8216;seguidores&#8217; a cero, los 104 millones de usuarios de esta red social podr\u00e1n alg\u00fan d\u00eda proclamar con orgullo: &#8220;Hubo un tiempo en el que Bill Gates y yo jugamos en la misma&nbsp;liga&#8221;.<\/P><br \/>\n<P>Sirva como ejemplo ilustrativo&nbsp;de la \u00e9poca tan meliflua que nos ha tocado vivir y de la imparable devaluaci\u00f3n del lenguaje&nbsp;la s\u00faplica lanzada por los responsables de Twitter: &#8220;No entren en p\u00e1nico&#8221;, petici\u00f3n desatendida por millones de usuarios que se pusieron a buscar de inmediato en Google la web &#8216;p\u00e1nico&#8217;.<\/P><br \/>\n<P>Cierto: la sensaci\u00f3n de aislamiento c\u00f3smico emanaba no tanto del hecho de no tener a nadie sigui\u00e9ndote como del desconcierto que provoca no tener a nadie a quien seguir. En un mundo perfecto, semejante ca\u00edda del sistema provocar\u00eda que&nbsp;dentro de nueve meses se disparara el n\u00famero de nacimientos.<\/P><br \/>\n<P>Con este fallo, Twitter casi se coloca en l\u00ednea con las \u00faltimas tendencias: banco que no prestan, restaurantes sin mesas, agencias de viajes que no venden billetes y redes sociales que aislan. Cada vez nos aproximamos m\u00e1s a la pregunta primigenia, que no es tanto&nbsp;&#8220;\u00bfqui\u00e9nes somos?&#8221; o &#8220;\u00bfa d\u00f3nde vamos?&#8221; como: &#8220;\u00bfHay alguien ah\u00ed?&#8221;.<\/P><\/p>\n<!-- AddThis Advanced Settings generic via filter on the_content --><!-- AddThis Share Buttons generic via filter on the_content -->","protected":false},"excerpt":{"rendered":"<p>Aunque fuera de la casa de Guadalix de la Sierra todo se minimiza, lo cierto es que el borrado twittero de ayer tarde es toda una premonici\u00f3n. Con los marcadores de &#8216;seguidos&#8217; y &#8216;seguidores&#8217; a cero, los 104 millones de usuarios de esta red social podr\u00e1n alg\u00fan d\u00eda proclamar con orgullo: &#8220;Hubo un tiempo en [&hellip;]<!-- AddThis Advanced Settings generic via filter on get_the_excerpt --><!-- AddThis Share Buttons generic via filter on get_the_excerpt --><\/p>\n","protected":false},"author":37,"featured_media":0,"comment_status":"open","ping_status":"closed","sticky":false,"template":"","format":"standard","meta":[],"categories":[2],"tags":[5],"_links":{"self":[{"href":"https:\/\/blogs.diariovasco.com\/eljukebox\/wp-json\/wp\/v2\/posts\/1170"}],"collection":[{"href":"https:\/\/blogs.diariovasco.com\/eljukebox\/wp-json\/wp\/v2\/posts"}],"about":[{"href":"https:\/\/blogs.diariovasco.com\/eljukebox\/wp-json\/wp\/v2\/types\/post"}],"author":[{"embeddable":true,"href":"https:\/\/blogs.diariovasco.com\/eljukebox\/wp-json\/wp\/v2\/users\/37"}],"replies":[{"embeddable":true,"href":"https:\/\/blogs.diariovasco.com\/eljukebox\/wp-json\/wp\/v2\/comments?post=1170"}],"version-history":[{"count":0,"href":"https:\/\/blogs.diariovasco.com\/eljukebox\/wp-json\/wp\/v2\/posts\/1170\/revisions"}],"wp:attachment":[{"href":"https:\/\/blogs.diariovasco.com\/eljukebox\/wp-json\/wp\/v2\/media?parent=1170"}],"wp:term":[{"taxonomy":"category","embeddable":true,"href":"https:\/\/blogs.diariovasco.com\/eljukebox\/wp-json\/wp\/v2\/categories?post=1170"},{"taxonomy":"post_tag","embeddable":true,"href":"https:\/\/blogs.diariovasco.com\/eljukebox\/wp-json\/wp\/v2\/tags?post=1170"}],"curies":[{"name":"wp","href":"https:\/\/api.w.org\/{rel}","templated":true}]}}