{"id":1172,"date":"2010-05-12T15:14:59","date_gmt":"2010-05-12T15:14:59","guid":{"rendered":"http:\/\/blogs.diariovasco.com\/eljukebox\/?p=1172"},"modified":"2010-05-12T15:14:59","modified_gmt":"2010-05-12T15:14:59","slug":"zp_de_fijo_a_movil","status":"publish","type":"post","link":"https:\/\/blogs.diariovasco.com\/eljukebox\/2010\/05\/12\/zp_de_fijo_a_movil\/","title":{"rendered":"ZP: de fijo a m\u00f3vil"},"content":{"rendered":"<p>La alternancia en el poder es la esencia de la democracia. Lo que pasa es que ZP ha decidido no esperar a las elecciones generales para poner en marcha el programa del PP. Dos a\u00f1os y un Solbes despu\u00e9s, el presidente del Gobierno ha descubierto por qu\u00e9 lleva tantas manos perdidas, a pesar de jugar con una carta de m\u00e1s y acumular ases: no era el p\u00f3ker, era el mus.<\/p>\n<p>En otros sistemas las cosas quiz\u00e1s funcionen de manera diferente, pero en el actual las malas noticias son siempre las mejores. No trabajamos para el pa\u00eds, sino para los mercados y \u00e9stos se estimulan a base de recortes, bien de derechos, bien salariales, a poder ser, de ambos. <\/p>\n<p>Cualquier empresa del Ibex-35 que anuncie despidos ver\u00e1 aumentar su cotizaci\u00f3n en Bolsa. A los empleados del estado se les llama funcionarios. Descartada la opci\u00f3n de reducir su n\u00famero, s\u00f3lo queda reducirles el suelo. A todo esto, un abaratamiento del despido garantizar\u00eda ahora mismo la conversi\u00f3n de los parqu\u00e9s burs\u00e1tiles en un samb\u00f3dromo infatigable.<\/p>\n<p>ZP ha intentdo aplicar a la crisis econ\u00f3mica el mismo tratamiento que Rajoy a sus crisis internas, la parsimonia, pero lo que en el segundo caso acababa diluy\u00e9ndose en el primero ha terminado por agudizarse. Por cierto, el l\u00edder del PP ya ha elevado la voz para anunciar que no soporta contemplar c\u00f3mo se recortan tanto los derechos sociales.<\/p>\n<p>Ahora s\u00f3lo queda declarar abolido el bipartidismo que de facto ven\u00eda funcionando con \u00e9xito en Espa\u00f1a y abrazar el \u00fanico modelo de gesti\u00f3n posible. Cu\u00e1l de los dos partidos lo aplicar\u00e1, es una mera cuesti\u00f3n de subcontratas.<\/p>\n<!-- AddThis Advanced Settings generic via filter on the_content --><!-- AddThis Share Buttons generic via filter on the_content -->","protected":false},"excerpt":{"rendered":"<p>La alternancia en el poder es la esencia de la democracia. Lo que pasa es que ZP ha decidido no esperar a las elecciones generales para poner en marcha el programa del PP. Dos a\u00f1os y un Solbes despu\u00e9s, el presidente del Gobierno ha descubierto por qu\u00e9 lleva tantas manos perdidas, a pesar de jugar [&hellip;]<!-- AddThis Advanced Settings generic via filter on get_the_excerpt --><!-- AddThis Share Buttons generic via filter on get_the_excerpt --><\/p>\n","protected":false},"author":37,"featured_media":0,"comment_status":"open","ping_status":"closed","sticky":false,"template":"","format":"standard","meta":[],"categories":[2],"tags":[5],"_links":{"self":[{"href":"https:\/\/blogs.diariovasco.com\/eljukebox\/wp-json\/wp\/v2\/posts\/1172"}],"collection":[{"href":"https:\/\/blogs.diariovasco.com\/eljukebox\/wp-json\/wp\/v2\/posts"}],"about":[{"href":"https:\/\/blogs.diariovasco.com\/eljukebox\/wp-json\/wp\/v2\/types\/post"}],"author":[{"embeddable":true,"href":"https:\/\/blogs.diariovasco.com\/eljukebox\/wp-json\/wp\/v2\/users\/37"}],"replies":[{"embeddable":true,"href":"https:\/\/blogs.diariovasco.com\/eljukebox\/wp-json\/wp\/v2\/comments?post=1172"}],"version-history":[{"count":0,"href":"https:\/\/blogs.diariovasco.com\/eljukebox\/wp-json\/wp\/v2\/posts\/1172\/revisions"}],"wp:attachment":[{"href":"https:\/\/blogs.diariovasco.com\/eljukebox\/wp-json\/wp\/v2\/media?parent=1172"}],"wp:term":[{"taxonomy":"category","embeddable":true,"href":"https:\/\/blogs.diariovasco.com\/eljukebox\/wp-json\/wp\/v2\/categories?post=1172"},{"taxonomy":"post_tag","embeddable":true,"href":"https:\/\/blogs.diariovasco.com\/eljukebox\/wp-json\/wp\/v2\/tags?post=1172"}],"curies":[{"name":"wp","href":"https:\/\/api.w.org\/{rel}","templated":true}]}}