{"id":1173,"date":"2010-05-13T10:18:48","date_gmt":"2010-05-13T10:18:48","guid":{"rendered":"http:\/\/blogs.diariovasco.com\/eljukebox\/?p=1173"},"modified":"2010-05-13T10:18:48","modified_gmt":"2010-05-13T10:18:48","slug":"edozein_herriko_jaixetan","status":"publish","type":"post","link":"https:\/\/blogs.diariovasco.com\/eljukebox\/2010\/05\/13\/edozein_herriko_jaixetan\/","title":{"rendered":"&#8230; edozein herriko jaixetan"},"content":{"rendered":"<p>&#8216;Lau teilatu&#8217; es ese tipo de canci\u00f3n de la que los cl\u00e1sicos suelen decir que forma parte de la banda sonora de nuestras vidas. En este caso, de la al menos un par de generaciones de vascos, circunstancia que nos lleva a pedir otro kalimotxo apenas escuchamos eso de &#8220;hemen gaude&#8221;, prisioneros de la teor\u00eda de los reflejos inducidos.<\/p>\n<p>Despu\u00e9s de unos a\u00f1os desaparecida, la canci\u00f3n ha regresado y encima en formato intermodal, que lo mismo aparece en anuncios televisivos que en pel\u00edculas o quincenas musicales. Es hora que reconocer que estamos ante un himno inmortal y a la vez mortal. Y viceversa.<\/p>\n<p>Ahora salta a la secci\u00f3n de Deportes, desde donde nos informan de que la canci\u00f3n acompa\u00f1a un v\u00eddeo que los jugadores de la Real ven en el vestuario de Anoeta, antes de un partido clave -y cu\u00e1l no lo es, cabr\u00eda preguntar-. La noticia deja en el aire la cuesti\u00f3n de qu\u00e9 pasa con el himno del centenario.<\/p>\n<p>La idea, que sin duda tiene en Songo&#8217;o a su autor iintelectual, fue recibidda con alborozo por Nsue y Diego Rivas, libres ambos de los prejuicios que atenazan al resto de la plantilla. Al t\u00e9rmino del encuentro, deber\u00edan ser obsequiados todos ellos con una atenta escucha de &#8216;La bien pag\u00e1&#8217;, en la versi\u00f3n de Bebo Vald\u00e9s y &#8216;El Cigala&#8217;, por supuesto.<\/p>\n<p>La iniciativa es preocupante en la medida en que la experiencia demuestra que todo experimento deportivo-emocional acaba traslad\u00e1ndose tarde o temprano a la actividad laboral, de modo que al m\u00ednimo descuido puedes sorprenderte asistiendo a ucha charla de formaci\u00f3n a cargo de Valdano, Guardiola o, peor a\u00fan, la himalayista de turno.<\/p>\n<p>Por cierto, ser\u00e1 curioso comprobar la pr\u00f3xima temporada los resultados de enfrentarte a base de &#8216;Lau teilatu&#8217;-al fin y al cabo, un himno a la burbuja inmobiliaria- contra equipos que se estiimulan mediante raciones de &#8216;Gladiator&#8217; y &#8216;Braveheart&#8217;.<\/p>\n<p>En cualquier caso, he de admitir que el sistema funciona. De hecho, confieso que he recurrido a cuatro escuchas consecutivas de &#8216;We are the world, we are the children&#8217; para escribir este post. Con toda seguridad, no har\u00e1 falta que lo diga, pero necesito hacerlo: ha sido horrible.<\/p>\n<!-- AddThis Advanced Settings generic via filter on the_content --><!-- AddThis Share Buttons generic via filter on the_content -->","protected":false},"excerpt":{"rendered":"<p>&#8216;Lau teilatu&#8217; es ese tipo de canci\u00f3n de la que los cl\u00e1sicos suelen decir que forma parte de la banda sonora de nuestras vidas. En este caso, de la al menos un par de generaciones de vascos, circunstancia que nos lleva a pedir otro kalimotxo apenas escuchamos eso de &#8220;hemen gaude&#8221;, prisioneros de la teor\u00eda [&hellip;]<!-- AddThis Advanced Settings generic via filter on get_the_excerpt --><!-- AddThis Share Buttons generic via filter on get_the_excerpt --><\/p>\n","protected":false},"author":37,"featured_media":0,"comment_status":"open","ping_status":"closed","sticky":false,"template":"","format":"standard","meta":[],"categories":[2],"tags":[5],"_links":{"self":[{"href":"https:\/\/blogs.diariovasco.com\/eljukebox\/wp-json\/wp\/v2\/posts\/1173"}],"collection":[{"href":"https:\/\/blogs.diariovasco.com\/eljukebox\/wp-json\/wp\/v2\/posts"}],"about":[{"href":"https:\/\/blogs.diariovasco.com\/eljukebox\/wp-json\/wp\/v2\/types\/post"}],"author":[{"embeddable":true,"href":"https:\/\/blogs.diariovasco.com\/eljukebox\/wp-json\/wp\/v2\/users\/37"}],"replies":[{"embeddable":true,"href":"https:\/\/blogs.diariovasco.com\/eljukebox\/wp-json\/wp\/v2\/comments?post=1173"}],"version-history":[{"count":0,"href":"https:\/\/blogs.diariovasco.com\/eljukebox\/wp-json\/wp\/v2\/posts\/1173\/revisions"}],"wp:attachment":[{"href":"https:\/\/blogs.diariovasco.com\/eljukebox\/wp-json\/wp\/v2\/media?parent=1173"}],"wp:term":[{"taxonomy":"category","embeddable":true,"href":"https:\/\/blogs.diariovasco.com\/eljukebox\/wp-json\/wp\/v2\/categories?post=1173"},{"taxonomy":"post_tag","embeddable":true,"href":"https:\/\/blogs.diariovasco.com\/eljukebox\/wp-json\/wp\/v2\/tags?post=1173"}],"curies":[{"name":"wp","href":"https:\/\/api.w.org\/{rel}","templated":true}]}}