{"id":1179,"date":"2010-05-20T08:43:32","date_gmt":"2010-05-20T08:43:32","guid":{"rendered":"http:\/\/blogs.diariovasco.com\/eljukebox\/?p=1179"},"modified":"2010-05-20T08:43:32","modified_gmt":"2010-05-20T08:43:32","slug":"desde_el_campamento_base_de_la_rentas_ma","status":"publish","type":"post","link":"https:\/\/blogs.diariovasco.com\/eljukebox\/2010\/05\/20\/desde_el_campamento_base_de_la_rentas_ma\/","title":{"rendered":"La Rentas M\u00e1s Altas: desde el campamento base"},"content":{"rendered":"<p><P>&#8220;Buenos d\u00edas tengan todos.<\/P><br \/>\n<P>Perm\u00edtanme que no me presente. Ll\u00e1menlo modestia si as\u00ed lo desean. Yo prefiero hablar de precauci\u00f3n. Digamos que soy una de las Rentas M\u00e1s Altas, de los M\u00e1s Altas de toda la vida, aunque pueden llamarme Rentas.<\/P><br \/>\n<P>Acabo de escuchar a ZP y he querido compartir con ustedes algunas reflexiones. Dice que va a subir los impuestos a las Rentas M\u00e1s Altas. Espero que por una vez cumpla su palabra y lo haga. Enti\u00e9ndame: m\u00e1s pronto que tarde habr\u00e1 que llevar todo esto a las Caim\u00e1n y no estoy dispuesto a compartir vuelo con cualquier sesentamileurista de medio pelo.<\/P><br \/>\n<P>Con los sociatas es que es siempre lo mismo: venga tratar de igualarnos a todos por lo bajo. No se\u00f1or. Creo que las Rentas M\u00e1s Altas nos hemos ganado el derecho a recibir un trato espec\u00edfico, no vayamos a acabar todos &#8220;en el mismo lodo&#8221;, que dec\u00eda aquel tango. La prueba del siete es sencilla: uno sabe que pertenece a las Rentas M\u00e1s Altas cuando le ofrece 6.000 euros por subirla a un sherpa y \u00e9ste se niega en redondo.<\/P><br \/>\n<P>Y digo bien &#8220;pertenece&#8221; porque, en contra de la creencia popular, las Rentas M\u00e1s Altas no son nuestras, sino que es justo al rev\u00e9s: somos nosotros los que nos pertenecemos a ellas. Si evadimos masivamente -y hemos llevado a Espa\u00f1a a liderar este indicador econ\u00f3mico en la Eurozona- ha sido sencillamente cumpliendo \u00f3rdenes impartidas por nuestras propias fortunas.<\/P><br \/>\n<P>No es que rehusemos apoyar al pa\u00eds. Al contrario, pero no veo por qu\u00e9 tengo que mantener a millones de parados, mientras yo&nbsp;me deslomo trabajando. Si acaso utilizaran nuestros impuestos para equipamientos culturales y as\u00ed&#8230; Precisamente, a\u00fan estoy esperando que quiten las pistas de atletismo de Anoeta y acerquen las gradas. \u00a1Cu\u00e1nta desidia, por dios!<\/P><br \/>\n<P>En todo caso, no estoy aqu\u00ed para justificarme. Por encima de los 5.000.000 de euros anuales -tras impuestos (defraudados, l\u00f3gicamente)-, las cosas se ven de otra manera. Cada decisi\u00f3n que tomas es determinante y de ella depende todo. Entras en un estado de lucidez mental en el que sabes que derribar al de al lado es algo que s\u00f3lo depende de ti. Y lo haces, claro.<\/P><br \/>\n<P>La crisis nos est\u00e1 cambiando a todos. A m\u00ed tambi\u00e9n, sobre todo, por dentro. Hace apenas unas semanas me despert\u00e9 presa de un deseo incontenible de rescatar a Grecia. Ya se me ha pasado. Ahora lo \u00fanico que quiero es que se me reconozca como uno de los causantes de la crisis. Al fin y al cabo, pertenecer a este colectivo es pr\u00e1cticamente la \u00fanica garant\u00eda de que no me tocar\u00e1 pagarla&#8221;.<\/P><br \/>\n<P>&nbsp;<\/P><br \/>\n<P>&nbsp;<\/P><\/p>\n<!-- AddThis Advanced Settings generic via filter on the_content --><!-- AddThis Share Buttons generic via filter on the_content -->","protected":false},"excerpt":{"rendered":"<p>&#8220;Buenos d\u00edas tengan todos. Perm\u00edtanme que no me presente. Ll\u00e1menlo modestia si as\u00ed lo desean. Yo prefiero hablar de precauci\u00f3n. Digamos que soy una de las Rentas M\u00e1s Altas, de los M\u00e1s Altas de toda la vida, aunque pueden llamarme Rentas. Acabo de escuchar a ZP y he querido compartir con ustedes algunas reflexiones. Dice [&hellip;]<!-- AddThis Advanced Settings generic via filter on get_the_excerpt --><!-- AddThis Share Buttons generic via filter on get_the_excerpt --><\/p>\n","protected":false},"author":37,"featured_media":0,"comment_status":"open","ping_status":"closed","sticky":false,"template":"","format":"standard","meta":[],"categories":[2],"tags":[5],"_links":{"self":[{"href":"https:\/\/blogs.diariovasco.com\/eljukebox\/wp-json\/wp\/v2\/posts\/1179"}],"collection":[{"href":"https:\/\/blogs.diariovasco.com\/eljukebox\/wp-json\/wp\/v2\/posts"}],"about":[{"href":"https:\/\/blogs.diariovasco.com\/eljukebox\/wp-json\/wp\/v2\/types\/post"}],"author":[{"embeddable":true,"href":"https:\/\/blogs.diariovasco.com\/eljukebox\/wp-json\/wp\/v2\/users\/37"}],"replies":[{"embeddable":true,"href":"https:\/\/blogs.diariovasco.com\/eljukebox\/wp-json\/wp\/v2\/comments?post=1179"}],"version-history":[{"count":0,"href":"https:\/\/blogs.diariovasco.com\/eljukebox\/wp-json\/wp\/v2\/posts\/1179\/revisions"}],"wp:attachment":[{"href":"https:\/\/blogs.diariovasco.com\/eljukebox\/wp-json\/wp\/v2\/media?parent=1179"}],"wp:term":[{"taxonomy":"category","embeddable":true,"href":"https:\/\/blogs.diariovasco.com\/eljukebox\/wp-json\/wp\/v2\/categories?post=1179"},{"taxonomy":"post_tag","embeddable":true,"href":"https:\/\/blogs.diariovasco.com\/eljukebox\/wp-json\/wp\/v2\/tags?post=1179"}],"curies":[{"name":"wp","href":"https:\/\/api.w.org\/{rel}","templated":true}]}}