{"id":1180,"date":"2010-05-22T11:47:08","date_gmt":"2010-05-22T11:47:08","guid":{"rendered":"http:\/\/blogs.diariovasco.com\/eljukebox\/?p=1180"},"modified":"2010-05-22T11:47:08","modified_gmt":"2010-05-22T11:47:08","slug":"entrevista_de_2007_a_la_directora_del_ce","status":"publish","type":"post","link":"https:\/\/blogs.diariovasco.com\/eljukebox\/2010\/05\/22\/entrevista_de_2007_a_la_directora_del_ce\/","title":{"rendered":"Entrevista de 2007 a la directora del centro LABoral"},"content":{"rendered":"<p><P>La ex directora de Arco Rosina G\u00f3mez Baeza dirige desde su inauguraci\u00f3n el centro LABoral de Gij\u00f3n, cuya creaci\u00f3n se plante\u00f3 por primera vez en 2001 y que abri\u00f3 sus puertas hace tres a\u00f1os. El coste de la obra fue de once millones de euros y&nbsp;el presupuesto aquel primer a\u00f1o, de 3,8 millones. Tiene unos 14.000 metros cuadrados de espacio \u00fatil. Web: <A href=\"http:\/\/www.laboralcentrodearte.org\/\">www.laboralcentrodearte.org\/<\/A><\/P><br \/>\n<P>\u00c9ste es un fragmento de una entrevista que concedi\u00f3 a DV en Gij\u00f3n en&nbsp;abril de 2007,&nbsp;un mes despu\u00e9s de la inauguraci\u00f3n de LABoral.<\/P><br \/>\n<P>PREGUNTA: &#8211; \u00bfCu\u00e1l ha sido el principal problema al que se ha enfrentado durante la gestaci\u00f3n del centro?<\/P><br \/>\n<P>RESPUESTA: &#8211; Yo dir\u00eda que lo principal es la voluntad pol\u00edtica y en este caso la ha habido. Tambi\u00e9n es necesario que haya un proyecto y que se sepa defender. Lo m\u00e1s complicado -y puede parecer peceta minuta pero no lo es- es convivir con los alba\u00f1iles en casa (&#8230;) Por otra parte, es importante afianzar recursos. Hay que establecer los compromisos econ\u00f3micos desde el primer d\u00eda para tener la seguridad de que todas las \u00e1reas que se pretenden cubrir est\u00e1n atendidas.<\/P><br \/>\n<P>(&#8230;)<\/P><br \/>\n<P>PREGUNTA: &#8211; \u00bfQu\u00e9 le dir\u00eda a la gente que se impacienta con Tabacalera?<\/P><br \/>\n<P>RESPUESTA: &#8211; Desconozco los motivos de esta demora, pero lo que s\u00ed creo es que las cosas no se pueden dilatar. Hay que actuar con lo que los americanos llaman &#8220;sentido de la urgencia&#8221; porque tienes que responder al momento actual. El sentido de la urgencia , que no quiere decir precipitaci\u00f3n, significa que no podemos dilatar los proyectos.<\/P><br \/>\n<P>PREGUNTA: &#8211; \u00bfResulta complicado dise\u00f1ar en 2007 un centro de cultura contempor\u00e1nea que se abrir\u00e1 en 2012?<\/P><br \/>\n<P>RESPUESTA: : \u00bfDe verdad se van a dar otros cinco a\u00f1os de plazo?<\/P><br \/>\n<P>PREGUNTA: &#8211; Tambi\u00e9n se estudia la posibilidd de mantener algunas actividades&nbsp; en el centro mientras se realizan las obras.<\/P><br \/>\n<P>RESPUESTA: &#8211; Ah\u00ed s\u00ed que yo les advertir\u00eda que no hay nada peor: oscilan las luces, se desconfiguran los programas, la humedad y la temperatura no se mantienen estables&#8230; La convivencia con los gremios es dif\u00edcil.<\/P><br \/>\n<P>&nbsp;<\/P><\/p>\n<!-- AddThis Advanced Settings generic via filter on the_content --><!-- AddThis Share Buttons generic via filter on the_content -->","protected":false},"excerpt":{"rendered":"<p>La ex directora de Arco Rosina G\u00f3mez Baeza dirige desde su inauguraci\u00f3n el centro LABoral de Gij\u00f3n, cuya creaci\u00f3n se plante\u00f3 por primera vez en 2001 y que abri\u00f3 sus puertas hace tres a\u00f1os. El coste de la obra fue de once millones de euros y&nbsp;el presupuesto aquel primer a\u00f1o, de 3,8 millones. Tiene unos [&hellip;]<!-- AddThis Advanced Settings generic via filter on get_the_excerpt --><!-- AddThis Share Buttons generic via filter on get_the_excerpt --><\/p>\n","protected":false},"author":37,"featured_media":0,"comment_status":"open","ping_status":"closed","sticky":false,"template":"","format":"standard","meta":[],"categories":[2],"tags":[5],"_links":{"self":[{"href":"https:\/\/blogs.diariovasco.com\/eljukebox\/wp-json\/wp\/v2\/posts\/1180"}],"collection":[{"href":"https:\/\/blogs.diariovasco.com\/eljukebox\/wp-json\/wp\/v2\/posts"}],"about":[{"href":"https:\/\/blogs.diariovasco.com\/eljukebox\/wp-json\/wp\/v2\/types\/post"}],"author":[{"embeddable":true,"href":"https:\/\/blogs.diariovasco.com\/eljukebox\/wp-json\/wp\/v2\/users\/37"}],"replies":[{"embeddable":true,"href":"https:\/\/blogs.diariovasco.com\/eljukebox\/wp-json\/wp\/v2\/comments?post=1180"}],"version-history":[{"count":0,"href":"https:\/\/blogs.diariovasco.com\/eljukebox\/wp-json\/wp\/v2\/posts\/1180\/revisions"}],"wp:attachment":[{"href":"https:\/\/blogs.diariovasco.com\/eljukebox\/wp-json\/wp\/v2\/media?parent=1180"}],"wp:term":[{"taxonomy":"category","embeddable":true,"href":"https:\/\/blogs.diariovasco.com\/eljukebox\/wp-json\/wp\/v2\/categories?post=1180"},{"taxonomy":"post_tag","embeddable":true,"href":"https:\/\/blogs.diariovasco.com\/eljukebox\/wp-json\/wp\/v2\/tags?post=1180"}],"curies":[{"name":"wp","href":"https:\/\/api.w.org\/{rel}","templated":true}]}}