{"id":1181,"date":"2010-05-23T19:29:01","date_gmt":"2010-05-23T19:29:01","guid":{"rendered":"http:\/\/blogs.diariovasco.com\/eljukebox\/?p=1181"},"modified":"2010-05-23T19:29:01","modified_gmt":"2010-05-23T19:29:01","slug":"la_foto_de_portada","status":"publish","type":"post","link":"https:\/\/blogs.diariovasco.com\/eljukebox\/2010\/05\/23\/la_foto_de_portada\/","title":{"rendered":"La foto de portada"},"content":{"rendered":"<p><P>Hay que reconocer que es una imagen repugnante y que hay gente que se ha podido sentir molesta al verla -m\u00e1s a\u00fan, en primera p\u00e1gina y sin previo aviso-, pero tampoco se puede negar que ten\u00eda relevancia informativa, esto es, ayudaba a profundizar en la verdad de la noticia.<\/P><br \/>\n<P>La fotograf\u00eda, que recoge magistramente ese momento exacto lleno de magia&nbsp;y que no tendr\u00eda el mismo valor de haber sido realizada un segundo antes o un segundo despu\u00e9s, se produce adem\u00e1s en unos meses en los que el tema est\u00e1 plenamente de actualidad y -como se dec\u00eda antes- en el ojo del hurac\u00e1n.<\/P><br \/>\n<P>Al fin y al cabo, cabe preguntarse qu\u00e9 sentido tiene ocultar a los lectores una imagen, por zafia que sea, registrada durante un acto p\u00fablico y al alcance de &nbsp;la vista de los cientos de personas que hab\u00edan acudido a presenciarlo.<\/P><br \/>\n<P>Me estoy refiriendo, claro, a la foto de primera p\u00e1gina de &#8216;El Pa\u00eds&#8217;. Por supuesto, la de hoy, domingo, no la de ayer. Si no la han visto, aqu\u00ed la tienen. Alimento para el esp\u00edritu: <\/P><br \/>\n<P><A href=\"http:\/\/www.elpais.com\/fotogalerias\/deldia.html?ed=diario&#038;xref=20100523elpepipor_1&#038;new_xref=20100523elpepipor_4&#038;d_date=20100523\">www.elpais.com\/fotogalerias\/deldia.html?ed=diario&#038;xref=20100523elpepipor_1&#038;new_xref=20100523elpepipor_4&#038;d_date=20100523<\/A><\/P><br \/>\n<P>Hoy, m\u00e1s felicesque ayer, pero menos que ma\u00f1ana. Ah\u00ed est\u00e1n. Barber\u00e1, Camps&nbsp;y se\u00f1ora. Qu\u00e9 momentazo.&nbsp;No se re\u00edan tanto y tan a gusto, al menos,&nbsp;desde que Espa\u00f1a super\u00f3 los cuatro millones de parados.<\/P><\/p>\n<!-- AddThis Advanced Settings generic via filter on the_content --><!-- AddThis Share Buttons generic via filter on the_content -->","protected":false},"excerpt":{"rendered":"<p>Hay que reconocer que es una imagen repugnante y que hay gente que se ha podido sentir molesta al verla -m\u00e1s a\u00fan, en primera p\u00e1gina y sin previo aviso-, pero tampoco se puede negar que ten\u00eda relevancia informativa, esto es, ayudaba a profundizar en la verdad de la noticia. La fotograf\u00eda, que recoge magistramente ese [&hellip;]<!-- AddThis Advanced Settings generic via filter on get_the_excerpt --><!-- AddThis Share Buttons generic via filter on get_the_excerpt --><\/p>\n","protected":false},"author":37,"featured_media":0,"comment_status":"open","ping_status":"closed","sticky":false,"template":"","format":"standard","meta":[],"categories":[2],"tags":[5],"_links":{"self":[{"href":"https:\/\/blogs.diariovasco.com\/eljukebox\/wp-json\/wp\/v2\/posts\/1181"}],"collection":[{"href":"https:\/\/blogs.diariovasco.com\/eljukebox\/wp-json\/wp\/v2\/posts"}],"about":[{"href":"https:\/\/blogs.diariovasco.com\/eljukebox\/wp-json\/wp\/v2\/types\/post"}],"author":[{"embeddable":true,"href":"https:\/\/blogs.diariovasco.com\/eljukebox\/wp-json\/wp\/v2\/users\/37"}],"replies":[{"embeddable":true,"href":"https:\/\/blogs.diariovasco.com\/eljukebox\/wp-json\/wp\/v2\/comments?post=1181"}],"version-history":[{"count":0,"href":"https:\/\/blogs.diariovasco.com\/eljukebox\/wp-json\/wp\/v2\/posts\/1181\/revisions"}],"wp:attachment":[{"href":"https:\/\/blogs.diariovasco.com\/eljukebox\/wp-json\/wp\/v2\/media?parent=1181"}],"wp:term":[{"taxonomy":"category","embeddable":true,"href":"https:\/\/blogs.diariovasco.com\/eljukebox\/wp-json\/wp\/v2\/categories?post=1181"},{"taxonomy":"post_tag","embeddable":true,"href":"https:\/\/blogs.diariovasco.com\/eljukebox\/wp-json\/wp\/v2\/tags?post=1181"}],"curies":[{"name":"wp","href":"https:\/\/api.w.org\/{rel}","templated":true}]}}