{"id":1183,"date":"2010-05-25T10:23:16","date_gmt":"2010-05-25T10:23:16","guid":{"rendered":"http:\/\/blogs.diariovasco.com\/eljukebox\/?p=1183"},"modified":"2010-05-25T10:23:16","modified_gmt":"2010-05-25T10:23:16","slug":"explico_perdidos_si_me_aclaran_todo_lo_d","status":"publish","type":"post","link":"https:\/\/blogs.diariovasco.com\/eljukebox\/2010\/05\/25\/explico_perdidos_si_me_aclaran_todo_lo_d\/","title":{"rendered":"Explico &#039;Perdidos&#039; si me aclaran todo lo dem\u00e1s"},"content":{"rendered":"<p>&#8220;Me ofrezco para explicar detalladamente todas las temporadas de &#8216;Perdidos&#8217;, incluido su cr\u00edptico desenlace. He tenido la gran fortuna de entender a la primera y en tiempo real la evoluci\u00f3n de las m\u00faltiples tramas que conforman el argumento de la m\u00edtica serie.<\/p>\n<p>Lo que no he conseguido comprender, siquiera vagamente, es la \u00faltima temporada de esa interminable serie titulada -no me pregunten por qu\u00e9- La Vida Real. Por eso, ofrezco despejar cualquier posible duda en torno a &#8216;Lost&#8217; a cambio de que me expliquen todo lo dem\u00e1s.<\/p>\n<p>S\u00e9 que la propuesta se basa en un intercambio profundamente desigual. Por eso, estoy abierto a negociar las condiciones de la permuta. De hecho, aunque no entiendo nada, no har\u00eda falta que me lo explicaran todo, sino que me conformar\u00eda con tan s\u00f3lo algunos detalles.<\/p>\n<p>Por ejemplo: al final, \u00bfsube la Real a Primera o en realidad todo era un sue\u00f1o y nunca hab\u00eda descendido? \u00bfRemont\u00f3 de verdad el Real Uni\u00f3n tras el descanso el 0-2 frente al Numancia o toda la segunda parte no fue m\u00e1s que un final alternativo que se rod\u00f3 para emitirse exclusivamente en el Pa\u00eds Vasco, en desconexi\u00f3n con el resto de centros regionales?<\/p>\n<p>Y esto es s\u00f3lo el principio de mis dudas. \u00bfIgnoraba ZP en verdad la profundidad de la crisis o simplemente se encontraba atrapado en una realidad paralela? \u00bfLlegaban los m\u00e9dicos a tiempo de inventar un ant\u00eddoto contra el &#8216;s\u00edndrome de La Moncloa&#8217; o el presidente fallec\u00eda finalmente v\u00edctima del mismo? Por cierto, \u00bfLe llam\u00f3 realmente Obama o todo fue un sue\u00f1o? O incluso: \u00bfera realmente negro Obama o se trataba simplemente de que nosotros somos blancos? \u00bfDe verdad lo somos?<\/p>\n<p>Tampoco puedo pasar por alto lo que para m\u00ed han sido misterios imposibles de desentra\u00f1ar. \u00bfSal\u00eda adelante el proyecto Tabakalera o no? Y ya de paso: \u00bfsab\u00eda alguno de los protagonistas en qu\u00e9 consist\u00eda ese centro de creaci\u00f3n audiovisual, definido por las instituciones como &#8220;el coraz\u00f3n del proyecto&#8221;?<\/p>\n<p>En fin, dudas y m\u00e1s dudas. Si alguien est\u00e1 interesado en el intercambio, puede llamar a este n\u00famero. Horarios de oficina. Atiendo tanto a particulares como a parejas liberales o grupos&#8221;.<\/p>\n<!-- AddThis Advanced Settings generic via filter on the_content --><!-- AddThis Share Buttons generic via filter on the_content -->","protected":false},"excerpt":{"rendered":"<p>&#8220;Me ofrezco para explicar detalladamente todas las temporadas de &#8216;Perdidos&#8217;, incluido su cr\u00edptico desenlace. He tenido la gran fortuna de entender a la primera y en tiempo real la evoluci\u00f3n de las m\u00faltiples tramas que conforman el argumento de la m\u00edtica serie. Lo que no he conseguido comprender, siquiera vagamente, es la \u00faltima temporada de [&hellip;]<!-- AddThis Advanced Settings generic via filter on get_the_excerpt --><!-- AddThis Share Buttons generic via filter on get_the_excerpt --><\/p>\n","protected":false},"author":37,"featured_media":0,"comment_status":"open","ping_status":"closed","sticky":false,"template":"","format":"standard","meta":[],"categories":[2],"tags":[5],"_links":{"self":[{"href":"https:\/\/blogs.diariovasco.com\/eljukebox\/wp-json\/wp\/v2\/posts\/1183"}],"collection":[{"href":"https:\/\/blogs.diariovasco.com\/eljukebox\/wp-json\/wp\/v2\/posts"}],"about":[{"href":"https:\/\/blogs.diariovasco.com\/eljukebox\/wp-json\/wp\/v2\/types\/post"}],"author":[{"embeddable":true,"href":"https:\/\/blogs.diariovasco.com\/eljukebox\/wp-json\/wp\/v2\/users\/37"}],"replies":[{"embeddable":true,"href":"https:\/\/blogs.diariovasco.com\/eljukebox\/wp-json\/wp\/v2\/comments?post=1183"}],"version-history":[{"count":0,"href":"https:\/\/blogs.diariovasco.com\/eljukebox\/wp-json\/wp\/v2\/posts\/1183\/revisions"}],"wp:attachment":[{"href":"https:\/\/blogs.diariovasco.com\/eljukebox\/wp-json\/wp\/v2\/media?parent=1183"}],"wp:term":[{"taxonomy":"category","embeddable":true,"href":"https:\/\/blogs.diariovasco.com\/eljukebox\/wp-json\/wp\/v2\/categories?post=1183"},{"taxonomy":"post_tag","embeddable":true,"href":"https:\/\/blogs.diariovasco.com\/eljukebox\/wp-json\/wp\/v2\/tags?post=1183"}],"curies":[{"name":"wp","href":"https:\/\/api.w.org\/{rel}","templated":true}]}}