{"id":1184,"date":"2010-05-26T08:57:18","date_gmt":"2010-05-26T08:57:18","guid":{"rendered":"http:\/\/blogs.diariovasco.com\/eljukebox\/?p=1184"},"modified":"2010-05-26T08:57:18","modified_gmt":"2010-05-26T08:57:18","slug":"libres_de_pecado_en_san_mames_barria","status":"publish","type":"post","link":"https:\/\/blogs.diariovasco.com\/eljukebox\/2010\/05\/26\/libres_de_pecado_en_san_mames_barria\/","title":{"rendered":"Libres de pecado en San Mam\u00e9s Barria"},"content":{"rendered":"<p><P>En medio de este maremagnum de malas noticias, salpicado de algunas p\u00e9simas, con el que nos desayunamos a diario, por fin, un motivo para la esperanza. Y es que este mediod\u00eda arrancar\u00e1 en Bilbao la construcci\u00f3n del nuevo San Mam\u00e9s con la colocaci\u00f3n de la primera piedra a cargo de los que siempre est\u00e1n libres de pecado.<\/P><br \/>\n<P>Frente a las inevitables voces disidentes empe\u00f1adas en dar la nota discordante, hay que decir que el campo s\u00f3lo costar\u00e1 175 millones de euros. Si acaso este argumento no fuera definitivo, siempre se puede a\u00f1adir otro frente al que palidecen todos los dem\u00e1s: se trata de &#8220;un proyecto de pa\u00eds&#8221;. Ah\u00ed queda eso.<\/P><br \/>\n<P>Una cadena humana -en la que no faltar\u00e1n&nbsp;ni\u00f1os, el sector social que mejor ha entendido la necesidad de acometer esta inversi\u00f3n- llevar\u00e1 hasta los terrenos de la nueva&nbsp;instalaci\u00f3n un trozo de c\u00e9sped -indispensable en la dieta de la sociedad civil- y un pedazo de cemento -en homenaje al rostro&nbsp;de los l\u00edderes que har\u00e1n realidad este sue\u00f1o-.<\/P><br \/>\n<P>A la luz de los acontecimientos se entiende mejor el esfuerzo salarial solicitado tanto a pensionistas como a funcionarios que, en el caso de los vascos, apenas ser\u00e1 de un 2%. Es m\u00e1s: la iniciativa se inscribe de pleno en una enraizada tradici\u00f3n que&nbsp;proclama que a m\u00e1s crisis, m\u00e1s f\u00fatbol, un sustitutivo del sexo y la pol\u00edtica de eficacia m\u00e1s que demostrada. <\/P><br \/>\n<P>Al fin y al cabo, el estadio es el \u00fanico lugar en el que a los ciudadanos se les permite comportarse como sus se\u00f1or\u00edas, los senadores, esto es, levant\u00e1ndose de sus asientos para proferir insultos a gritos. Si es en los grandes momentos cuando las sociedades han de reconocerse como tales en sus proyectos colectivos, que duda cabe de que estamos ante un ejercicio de democracia.<\/P><br \/>\n<P>La \u00fanica pega es que el nuevo campo carece de pistas de atletimo en torno al c\u00e9sped. Desde nuestra experiencia guipuzcoana, resulta obligado advertir al club vizcan\u00edno de que est\u00e1 a punto de cometer un tremendo error.<\/P><br \/>\n<P>Erradicar las malditas pistas se ha convertido en un acicate para seguir avanzando, un faro de luz&nbsp;hacia el que caminar y un objetivo por el que luchar, am\u00e9n de constituirse su molesta presencia en la explicaci\u00f3n m\u00e1s razonable de los altibajos en el juego que, temporada tras temporada, nos vemos obligados a padecer. Ellos ver\u00e1n lo que hacen.<\/P><\/p>\n<!-- AddThis Advanced Settings generic via filter on the_content --><!-- AddThis Share Buttons generic via filter on the_content -->","protected":false},"excerpt":{"rendered":"<p>En medio de este maremagnum de malas noticias, salpicado de algunas p\u00e9simas, con el que nos desayunamos a diario, por fin, un motivo para la esperanza. Y es que este mediod\u00eda arrancar\u00e1 en Bilbao la construcci\u00f3n del nuevo San Mam\u00e9s con la colocaci\u00f3n de la primera piedra a cargo de los que siempre est\u00e1n libres [&hellip;]<!-- AddThis Advanced Settings generic via filter on get_the_excerpt --><!-- AddThis Share Buttons generic via filter on get_the_excerpt --><\/p>\n","protected":false},"author":37,"featured_media":0,"comment_status":"open","ping_status":"closed","sticky":false,"template":"","format":"standard","meta":[],"categories":[2],"tags":[5],"_links":{"self":[{"href":"https:\/\/blogs.diariovasco.com\/eljukebox\/wp-json\/wp\/v2\/posts\/1184"}],"collection":[{"href":"https:\/\/blogs.diariovasco.com\/eljukebox\/wp-json\/wp\/v2\/posts"}],"about":[{"href":"https:\/\/blogs.diariovasco.com\/eljukebox\/wp-json\/wp\/v2\/types\/post"}],"author":[{"embeddable":true,"href":"https:\/\/blogs.diariovasco.com\/eljukebox\/wp-json\/wp\/v2\/users\/37"}],"replies":[{"embeddable":true,"href":"https:\/\/blogs.diariovasco.com\/eljukebox\/wp-json\/wp\/v2\/comments?post=1184"}],"version-history":[{"count":0,"href":"https:\/\/blogs.diariovasco.com\/eljukebox\/wp-json\/wp\/v2\/posts\/1184\/revisions"}],"wp:attachment":[{"href":"https:\/\/blogs.diariovasco.com\/eljukebox\/wp-json\/wp\/v2\/media?parent=1184"}],"wp:term":[{"taxonomy":"category","embeddable":true,"href":"https:\/\/blogs.diariovasco.com\/eljukebox\/wp-json\/wp\/v2\/categories?post=1184"},{"taxonomy":"post_tag","embeddable":true,"href":"https:\/\/blogs.diariovasco.com\/eljukebox\/wp-json\/wp\/v2\/tags?post=1184"}],"curies":[{"name":"wp","href":"https:\/\/api.w.org\/{rel}","templated":true}]}}