{"id":1185,"date":"2010-05-27T10:19:42","date_gmt":"2010-05-27T10:19:42","guid":{"rendered":"http:\/\/blogs.diariovasco.com\/eljukebox\/?p=1185"},"modified":"2010-05-27T10:19:42","modified_gmt":"2010-05-27T10:19:42","slug":"naci_en_donostia_pero_estudio_otras_posi","status":"publish","type":"post","link":"https:\/\/blogs.diariovasco.com\/eljukebox\/2010\/05\/27\/naci_en_donostia_pero_estudio_otras_posi\/","title":{"rendered":"Nac\u00ed en Donostia pero estudio otras posibilidades"},"content":{"rendered":"<p>&#8220;Soy donostiarra porque he nacido en San Sebasti\u00e1n pero he encargado un estudio para descartar otras posibilidades&#8221;. Esta frase, pre\u00f1anada de surrealismo, es la versi\u00f3n oral de la cinta de Moebius. Su estructura laber\u00edntica resume la dram\u00e1tica condici\u00f3n que arrastra todo vecino de esta ciudad.<\/p>\n<p>Ser donostiarra supone vivir atrapado en un c\u00f3digo binario construido a base de una infinita sucesi\u00f3n de unos y ceros, en la que siempre hay que optar entre \u00e9stos y aqu\u00e9llos. Y el hecho de que est\u00e9n proscritos tanto los decimales como los doses y los treses obliga a plantearlo todo en t\u00e9rminos ag\u00f3nicos: &#8220;O lo que digo yo o el abismo&#8221;.<\/p>\n<p>En su versi\u00f3n m\u00e1s adulta los debates han girado en torno a liberales o carlistas, transversales o identitarios, pero como todo en esta vida, el dilema tiende a su propia reducci\u00f3n al absurdo: hacer los cubos de Moneo o resonstruir el antiguo Kursaal,&nbsp; levantar la parela del Momp\u00e1s o arreglar el camino por la ladera, centro de cultura o centro comercial, luces navide\u00f1as o penumbras invernales, toldos en la playa o la arena es para todos, fiesta el 21 de enero o casi mejor el 9 de septiembre.<\/p>\n<p>Si no fuera porque las teor\u00edas freudianas han quedado reducidas a la condici\u00f3n de supersticiones a manos del determinismo gen\u00e9tico, el asunto invitar\u00eda pensar que ser donostiarra se reduce a vivir la esquizofrenia de una forma innovadora, de modo que en cada transgresor habitar\u00eda un &#8216;retro&#8217;, en cada antialcalde, un &#8216;odonista&#8217; renacido y en el interior de cada \u00f1o\u00f1ostiarra, un vecino de Bilbao en plena gestaci\u00f3n.<\/p>\n<!-- AddThis Advanced Settings generic via filter on the_content --><!-- AddThis Share Buttons generic via filter on the_content -->","protected":false},"excerpt":{"rendered":"<p>&#8220;Soy donostiarra porque he nacido en San Sebasti\u00e1n pero he encargado un estudio para descartar otras posibilidades&#8221;. Esta frase, pre\u00f1anada de surrealismo, es la versi\u00f3n oral de la cinta de Moebius. Su estructura laber\u00edntica resume la dram\u00e1tica condici\u00f3n que arrastra todo vecino de esta ciudad. Ser donostiarra supone vivir atrapado en un c\u00f3digo binario construido [&hellip;]<!-- AddThis Advanced Settings generic via filter on get_the_excerpt --><!-- AddThis Share Buttons generic via filter on get_the_excerpt --><\/p>\n","protected":false},"author":37,"featured_media":0,"comment_status":"open","ping_status":"closed","sticky":false,"template":"","format":"standard","meta":[],"categories":[2],"tags":[5],"_links":{"self":[{"href":"https:\/\/blogs.diariovasco.com\/eljukebox\/wp-json\/wp\/v2\/posts\/1185"}],"collection":[{"href":"https:\/\/blogs.diariovasco.com\/eljukebox\/wp-json\/wp\/v2\/posts"}],"about":[{"href":"https:\/\/blogs.diariovasco.com\/eljukebox\/wp-json\/wp\/v2\/types\/post"}],"author":[{"embeddable":true,"href":"https:\/\/blogs.diariovasco.com\/eljukebox\/wp-json\/wp\/v2\/users\/37"}],"replies":[{"embeddable":true,"href":"https:\/\/blogs.diariovasco.com\/eljukebox\/wp-json\/wp\/v2\/comments?post=1185"}],"version-history":[{"count":0,"href":"https:\/\/blogs.diariovasco.com\/eljukebox\/wp-json\/wp\/v2\/posts\/1185\/revisions"}],"wp:attachment":[{"href":"https:\/\/blogs.diariovasco.com\/eljukebox\/wp-json\/wp\/v2\/media?parent=1185"}],"wp:term":[{"taxonomy":"category","embeddable":true,"href":"https:\/\/blogs.diariovasco.com\/eljukebox\/wp-json\/wp\/v2\/categories?post=1185"},{"taxonomy":"post_tag","embeddable":true,"href":"https:\/\/blogs.diariovasco.com\/eljukebox\/wp-json\/wp\/v2\/tags?post=1185"}],"curies":[{"name":"wp","href":"https:\/\/api.w.org\/{rel}","templated":true}]}}