{"id":1298,"date":"2010-11-03T09:37:21","date_gmt":"2010-11-03T09:37:21","guid":{"rendered":"http:\/\/blogs.diariovasco.com\/eljukebox\/?p=1298"},"modified":"2010-11-03T09:37:21","modified_gmt":"2010-11-03T09:37:21","slug":"la_pelicula_que_amenaza_con_clausurar_el","status":"publish","type":"post","link":"https:\/\/blogs.diariovasco.com\/eljukebox\/2010\/11\/03\/la_pelicula_que_amenaza_con_clausurar_el\/","title":{"rendered":"La pel\u00edcula que amenaza con clausurar el Zinemaldia"},"content":{"rendered":"<p><font face=\"Verdana\">Hace ya algunos a\u00f1os que la inefable TVE de aquellos tiempos puso en antena un programa-concurso llamado \u2018El precio justo\u2019. Se trataba de que los concursantes en cuesti\u00f3n adivinaran el precio de cualquier tipo de objeto o servicio que les pusieran por delante. Ganaba el que m\u00e1s se acercaba a la cifra correcta, siempre sin pasarse.<\/p>\n<p>Las instituciones que conforman el consejo de administraci\u00f3n del Zinemaldia han entrado en una espiral que se asemeja mucho a la versi\u00f3n perversa de aquel espacio. Ahora, se trata de averiguar hasta qu\u00e9 punto pueden recortar sus respectivas aportaciones, siempre intentando no llegar a ese punto cr\u00edtico en el que alguien decrete que te has cargado el Festival.<\/p>\n<p>La Diputaci\u00f3n apuesta otra vez por un 15% de recorte y el Gobierno Vasco se estrena en esto de las bajadas con un 6%, mientras que el Ministerio de Cultura y el Ayuntamiento donostiarra se aferran -sin duda, con enorme esfuerzo- a ese mill\u00f3n de euros que mantienen congelado en estos \u00faltimos a\u00f1os, en los que el IPC espa\u00f1ol quiz\u00e1s no haya sufrido incrementos significativos, pero el europeo, s\u00ed y \u00e9ste es \u2013todav\u00eda, al menos- un festival internacional.<\/p>\n<p>La administraci\u00f3n de los dineros p\u00fablicos es un ejercicio de su exclusiva competencia, pero que no mareen m\u00e1s la perdiz. Hay un festival de cine de categor\u00eda A. Se supone que esto acarrea unos beneficios y conlleva unos gastos. Sopesen los unos y los otros, tomen una decisi\u00f3n argumentada y, sea cu\u00e1l sea \u00e9sta, que cada cu\u00e1l asuma su cuota de responsabilidad.<\/p>\n<p>El dilema bascula entre mantener el festival o echarle la persiana. Empe\u00f1arse en convertir en permanente los actuales equilibrios en el alambre a la espera de que las circunstancias sean las que se la echen supone un despilfarro porque hay algo aqu\u00ed que se est\u00e1 tirando a la basura: o el dinero de las instituciones o el propio el festival.<\/font><\/p>\n<!-- AddThis Advanced Settings generic via filter on the_content --><!-- AddThis Share Buttons generic via filter on the_content -->","protected":false},"excerpt":{"rendered":"<p>Hace ya algunos a\u00f1os que la inefable TVE de aquellos tiempos puso en antena un programa-concurso llamado \u2018El precio justo\u2019. Se trataba de que los concursantes en cuesti\u00f3n adivinaran el precio de cualquier tipo de objeto o servicio que les pusieran por delante. Ganaba el que m\u00e1s se acercaba a la cifra correcta, siempre sin [&hellip;]<!-- AddThis Advanced Settings generic via filter on get_the_excerpt --><!-- AddThis Share Buttons generic via filter on get_the_excerpt --><\/p>\n","protected":false},"author":37,"featured_media":0,"comment_status":"open","ping_status":"closed","sticky":false,"template":"","format":"standard","meta":[],"categories":[2],"tags":[5],"_links":{"self":[{"href":"https:\/\/blogs.diariovasco.com\/eljukebox\/wp-json\/wp\/v2\/posts\/1298"}],"collection":[{"href":"https:\/\/blogs.diariovasco.com\/eljukebox\/wp-json\/wp\/v2\/posts"}],"about":[{"href":"https:\/\/blogs.diariovasco.com\/eljukebox\/wp-json\/wp\/v2\/types\/post"}],"author":[{"embeddable":true,"href":"https:\/\/blogs.diariovasco.com\/eljukebox\/wp-json\/wp\/v2\/users\/37"}],"replies":[{"embeddable":true,"href":"https:\/\/blogs.diariovasco.com\/eljukebox\/wp-json\/wp\/v2\/comments?post=1298"}],"version-history":[{"count":0,"href":"https:\/\/blogs.diariovasco.com\/eljukebox\/wp-json\/wp\/v2\/posts\/1298\/revisions"}],"wp:attachment":[{"href":"https:\/\/blogs.diariovasco.com\/eljukebox\/wp-json\/wp\/v2\/media?parent=1298"}],"wp:term":[{"taxonomy":"category","embeddable":true,"href":"https:\/\/blogs.diariovasco.com\/eljukebox\/wp-json\/wp\/v2\/categories?post=1298"},{"taxonomy":"post_tag","embeddable":true,"href":"https:\/\/blogs.diariovasco.com\/eljukebox\/wp-json\/wp\/v2\/tags?post=1298"}],"curies":[{"name":"wp","href":"https:\/\/api.w.org\/{rel}","templated":true}]}}