{"id":1300,"date":"2010-11-04T09:43:54","date_gmt":"2010-11-04T09:43:54","guid":{"rendered":"http:\/\/blogs.diariovasco.com\/eljukebox\/?p=1300"},"modified":"2010-11-04T09:43:54","modified_gmt":"2010-11-04T09:43:54","slug":"all_tomorrow_s_tea_parties","status":"publish","type":"post","link":"https:\/\/blogs.diariovasco.com\/eljukebox\/2010\/11\/04\/all_tomorrow_s_tea_parties\/","title":{"rendered":"All Tomorrow&#039;s Tea Parties"},"content":{"rendered":"<p><P>Asistimos al cumplimiento de&nbsp;la segunda parte de la prof\u00e9tica maldici\u00f3n lanzada en su d\u00eda por Leire Paj\u00edn, cuando en pleno \u00e9xtasis resalt\u00f3 el acontecimiento planetario que supon\u00eda la coincidencia de dos l\u00edderes como Barack Obama y Rodr\u00edguez Zapatero en&nbsp;el espacio y en el tiempo.<\/P><br \/>\n<P>En esta ocasi\u00f3n, el presidente del Gobierno espa\u00f1ol se ha adelantado por unos meses al l\u00edder estadounidense a la hora de aplicar una pol\u00edtica econ\u00f3mica y social opuesta a la que esgrimi\u00f3 para ser elegido. Ambos lo har\u00e1n siguiendo las instrucciones precisas de los mercados, que en Estados Unidos adoptan la forma de elecciones al Congreso.<\/P><br \/>\n<P>Barack Obama -en adelante, Barack Lomana-, ya ha admitido sus errores&nbsp;e incluso&nbsp;ha confesado que se ha visto obligado a tomar decisiones con las que no estaba de acuerdo, algo que jam\u00e1s&nbsp;escucharemos de boca de George Bush y que demuestra&nbsp;la supremac\u00eda moral del Partido Republicano, al menos, en lo que se refiere a fidelidad al mandato de su&nbsp;electorado.&nbsp;<\/P><br \/>\n<P>Para colmo de males, emerge en aquellas tierras el movimiento ultraconservador del &#8216;Tea Party&#8217;, unas gentes capaces de compaginar la creencia ciega en Ad\u00e1n y Eva con las negociaciones bilaterales sobre la fusi\u00f3n del \u00e1tomo con Ir\u00e1n, otro pa\u00eds medieval que considera compatible la pr\u00e1ctica de la&nbsp;lapidaci\u00f3n con el uso pac\u00edfico de la energ\u00eda nuclear.<\/P><br \/>\n<P>En cualquier caso, la derecha espa\u00f1ola est\u00e1 blindada frente a la hipot\u00e9tica emergencia de fen\u00f3menos similares porque mientras que Rouco Varela&nbsp;velar\u00e1 contra la tentaci\u00f3n de celebrar cualquier&nbsp;&#8216;party&#8217;,&nbsp;l\u00edderes de opini\u00f3n como S\u00e1nchez-Drag\u00f3, Mart\u00edn Prieto o Hermann Tertsch&nbsp;s\u00f3lo permitir\u00edan&nbsp;el servicio del &#8216;tea&#8217; por encima de sus cad\u00e1veres.<\/P><br \/>\n<P>Todo este retorcido proceso de designaci\u00f3n de l\u00edderes progresistas a los que luego se obliga a aplicar pol\u00edticas conservadoras evoca poderosamente a la escena de &#8216;A Serbian Film&#8217; en la que, seg\u00fan dicen,&nbsp;un adulto viola a un beb\u00e9. Se dir\u00e1 que en la pel\u00edcula se trata de un mu\u00f1eco, pero \u00bfacaso no lo son tambi\u00e9n Obama y ZP? Quiz\u00e1s una juez deber\u00eda examinar el contenido de los telediarios para determinar si son aptos para un p\u00fablico inmaduro como el nuestro.<\/P><\/p>\n<!-- AddThis Advanced Settings generic via filter on the_content --><!-- AddThis Share Buttons generic via filter on the_content -->","protected":false},"excerpt":{"rendered":"<p>Asistimos al cumplimiento de&nbsp;la segunda parte de la prof\u00e9tica maldici\u00f3n lanzada en su d\u00eda por Leire Paj\u00edn, cuando en pleno \u00e9xtasis resalt\u00f3 el acontecimiento planetario que supon\u00eda la coincidencia de dos l\u00edderes como Barack Obama y Rodr\u00edguez Zapatero en&nbsp;el espacio y en el tiempo. En esta ocasi\u00f3n, el presidente del Gobierno espa\u00f1ol se ha adelantado [&hellip;]<!-- AddThis Advanced Settings generic via filter on get_the_excerpt --><!-- AddThis Share Buttons generic via filter on get_the_excerpt --><\/p>\n","protected":false},"author":37,"featured_media":0,"comment_status":"open","ping_status":"closed","sticky":false,"template":"","format":"standard","meta":[],"categories":[2],"tags":[5],"_links":{"self":[{"href":"https:\/\/blogs.diariovasco.com\/eljukebox\/wp-json\/wp\/v2\/posts\/1300"}],"collection":[{"href":"https:\/\/blogs.diariovasco.com\/eljukebox\/wp-json\/wp\/v2\/posts"}],"about":[{"href":"https:\/\/blogs.diariovasco.com\/eljukebox\/wp-json\/wp\/v2\/types\/post"}],"author":[{"embeddable":true,"href":"https:\/\/blogs.diariovasco.com\/eljukebox\/wp-json\/wp\/v2\/users\/37"}],"replies":[{"embeddable":true,"href":"https:\/\/blogs.diariovasco.com\/eljukebox\/wp-json\/wp\/v2\/comments?post=1300"}],"version-history":[{"count":0,"href":"https:\/\/blogs.diariovasco.com\/eljukebox\/wp-json\/wp\/v2\/posts\/1300\/revisions"}],"wp:attachment":[{"href":"https:\/\/blogs.diariovasco.com\/eljukebox\/wp-json\/wp\/v2\/media?parent=1300"}],"wp:term":[{"taxonomy":"category","embeddable":true,"href":"https:\/\/blogs.diariovasco.com\/eljukebox\/wp-json\/wp\/v2\/categories?post=1300"},{"taxonomy":"post_tag","embeddable":true,"href":"https:\/\/blogs.diariovasco.com\/eljukebox\/wp-json\/wp\/v2\/tags?post=1300"}],"curies":[{"name":"wp","href":"https:\/\/api.w.org\/{rel}","templated":true}]}}