{"id":1302,"date":"2010-11-05T19:00:35","date_gmt":"2010-11-05T19:00:35","guid":{"rendered":"http:\/\/blogs.diariovasco.com\/eljukebox\/?p=1302"},"modified":"2010-11-05T19:00:35","modified_gmt":"2010-11-05T19:00:35","slug":"revendo_entradas_para_a_serbian_film","status":"publish","type":"post","link":"https:\/\/blogs.diariovasco.com\/eljukebox\/2010\/11\/05\/revendo_entradas_para_a_serbian_film\/","title":{"rendered":"Revendo entradas para &#039;A serbian film&#039;"},"content":{"rendered":"<p><P>Dada la proverbial lentitud que caracteriza el funcionamiento de la Justicia en este pa\u00eds, lo asombroso no es que los tribunales hayan prohibido cautelarmente la exhibici\u00f3n de &#8216;A serbian film&#8217;, sino que lo hayan hecho antes de que se edite en formato DVD, incluyendo varios extras y el montaje del director.<\/P><br \/>\n<P>El p\u00fablico de la Semana de Cine Fant\u00e1stico y de Terror de San Sebasti\u00e1n ha otorgado su premio a la pel\u00edcula vetada, probablemente, aunque se ignora si entre sus filas figura el titular del Juzgado n\u00famero 4 de Donostia.<\/P><br \/>\n<P>La decisi\u00f3n de los espectadores&nbsp;de premiar una cinta no proyectada se situar\u00eda en l\u00ednea con el pensamiento Saramago, qui\u00e9n no s\u00f3lo ejerci\u00f3 de jurado en un Zinemaldia al que lleg\u00f3 tarde, sino que proclam\u00f3 que ir al cine constituye una p\u00e9rdida de tiempo. Sin embargo, no es el caso, dado que el p\u00fablico que esta pasada medianoche planeaba ver la pel\u00edcula en la sala de cine lo hizo igualmente y a la misma hora, s\u00f3lo que en su casa y previa descarga de internet.<\/P><br \/>\n<P>Esta batalla comenzamos a perderla en el momento en el que esgrimimos la calidad de algunas obras pret\u00e9ritas, tambi\u00e9n bajo sospecha en su&nbsp;momento&nbsp;e indiscutibles obras maestras a d\u00eda de hoy&nbsp;-&#8216;Sal\u00f3&#8217;, &#8216;La naranja mec\u00e1nica&#8217;&#8230;-, a modo de argumento anti-prohibicionista, como si&nbsp;los directores de serie&nbsp;B no tuvieran derecho al alcanzar los mismos grados de zafiedad&nbsp;y\/o atrevimiento que los cl\u00e1sicos.&nbsp;<\/P><br \/>\n<P>Empiezan prohibi\u00e9ndote que fumes en el bar y acaban dict\u00e1ndote la lista de pel\u00edculas que no te convienen. Al final, lo \u00fanico que estos pobres de esp\u00edritu quieren es inculcarte la educaci\u00f3n en valores, aunque para conseguirlo no vacilen en&nbsp;perder los modales. Sin duda, ignoran que el empe\u00f1o en forjar ciudadanos ejemplares&nbsp;suele alumbrar s\u00fabditos aborrecibles.<\/P><br \/>\n<P>Llegados a este punto, es hora de reclamar la reapertura inmediata de las salas X, dirigidas exclusivamente a mayores de 18 a\u00f1os&nbsp;que, aunque hayan renunciado ya a convertirse en mejores personas, a\u00fan aspiren a que les dejen elegir la pel\u00edcula que&nbsp;desean ver.<\/P><\/p>\n<!-- AddThis Advanced Settings generic via filter on the_content --><!-- AddThis Share Buttons generic via filter on the_content -->","protected":false},"excerpt":{"rendered":"<p>Dada la proverbial lentitud que caracteriza el funcionamiento de la Justicia en este pa\u00eds, lo asombroso no es que los tribunales hayan prohibido cautelarmente la exhibici\u00f3n de &#8216;A serbian film&#8217;, sino que lo hayan hecho antes de que se edite en formato DVD, incluyendo varios extras y el montaje del director. El p\u00fablico de la [&hellip;]<!-- AddThis Advanced Settings generic via filter on get_the_excerpt --><!-- AddThis Share Buttons generic via filter on get_the_excerpt --><\/p>\n","protected":false},"author":37,"featured_media":0,"comment_status":"open","ping_status":"closed","sticky":false,"template":"","format":"standard","meta":[],"categories":[2],"tags":[5],"_links":{"self":[{"href":"https:\/\/blogs.diariovasco.com\/eljukebox\/wp-json\/wp\/v2\/posts\/1302"}],"collection":[{"href":"https:\/\/blogs.diariovasco.com\/eljukebox\/wp-json\/wp\/v2\/posts"}],"about":[{"href":"https:\/\/blogs.diariovasco.com\/eljukebox\/wp-json\/wp\/v2\/types\/post"}],"author":[{"embeddable":true,"href":"https:\/\/blogs.diariovasco.com\/eljukebox\/wp-json\/wp\/v2\/users\/37"}],"replies":[{"embeddable":true,"href":"https:\/\/blogs.diariovasco.com\/eljukebox\/wp-json\/wp\/v2\/comments?post=1302"}],"version-history":[{"count":0,"href":"https:\/\/blogs.diariovasco.com\/eljukebox\/wp-json\/wp\/v2\/posts\/1302\/revisions"}],"wp:attachment":[{"href":"https:\/\/blogs.diariovasco.com\/eljukebox\/wp-json\/wp\/v2\/media?parent=1302"}],"wp:term":[{"taxonomy":"category","embeddable":true,"href":"https:\/\/blogs.diariovasco.com\/eljukebox\/wp-json\/wp\/v2\/categories?post=1302"},{"taxonomy":"post_tag","embeddable":true,"href":"https:\/\/blogs.diariovasco.com\/eljukebox\/wp-json\/wp\/v2\/tags?post=1302"}],"curies":[{"name":"wp","href":"https:\/\/api.w.org\/{rel}","templated":true}]}}