{"id":1304,"date":"2010-11-21T12:04:23","date_gmt":"2010-11-21T12:04:23","guid":{"rendered":"http:\/\/blogs.diariovasco.com\/eljukebox\/?p=1304"},"modified":"2010-11-21T12:04:23","modified_gmt":"2010-11-21T12:04:23","slug":"necesitamos_una_comision_de_la_mentira","status":"publish","type":"post","link":"https:\/\/blogs.diariovasco.com\/eljukebox\/2010\/11\/21\/necesitamos_una_comision_de_la_mentira\/","title":{"rendered":"Necesitamos una Comisi\u00f3n de la Mentira"},"content":{"rendered":"<p><P>Ya disculpar\u00e1n el retraso, pero si Felipe Gonz\u00e1lez se ha tomado veinte a\u00f1os para confesar que, puesto en la tesitura de si volar o no a la c\u00fapula de ETA, dijo que no y a\u00fan no sabe si hizo bien o mal, un servidor haya tardado una semana entera en comentarlo.<\/P><br \/>\n<P>El caso es que alg\u00fan d\u00eda vamos a necesitar una Comisi\u00f3n Internacional de la Mentira, conformada por personalidades de todas&nbsp;las nacionalidades, siempre que sean espa\u00f1olas, y con una acreditada trayectoria de implicaci\u00f3n lo m\u00e1s directa posible en las actividades a investigar.<\/P><br \/>\n<P>Bien le\u00edda, es algo que se desprende de la propia entrevista de Mill\u00e1s a Gonz\u00e1lez porque si, en palabras de \u00e9ste, Galindo, Barrionuevo y&nbsp;Vera son inocentes, habr\u00e1 que establecer qui\u00e9n orden\u00f3 el secuestro, estancia en el palacio de la Cumbre&nbsp;y asesinato de Lasa y Zabala, qui\u00e9n decret\u00f3 la \u00bfdetenci\u00f3n? de Segundo Marey y a d\u00f3nde fueron a parar los dineros desaparecidos. En otras palabras, a Mill\u00e1s se le olvid\u00f3 preguntarle a Gonz\u00e1lez cu\u00e1l es su relato sobre los GAL o incluso si ha llegado ya a asumir que \u00e9stos existieron realmente.<\/P><br \/>\n<P>Ninguna Comisi\u00f3n de la Verdad ser\u00e1 capaz en el futuro de identificar a Gonz\u00e1lez con el &#8216;se\u00f1or X&#8217; de los GAL, pero una Comisi\u00f3n de la Mentira podr\u00eda interrogarse sobre qu\u00e9 concepto moral ten\u00edan del ex &#8216;Isidoro&#8217;&nbsp;sus propios subordinados, capaces de presentarse en su despacho en busca de permiso para perpetrar un asesinato m\u00faltiple y&nbsp;sumario en territorio extranjero. En este punto y sobre la identidad del subordinado en cuesti\u00f3n, Gonz\u00e1lez es bastante expl\u00edcito en otro punto de la entrevista: &#8220;Yo ten\u00eda una manera de gobernar que despu\u00e9s no se ha reconocido&nbsp;(&#8230;) Me relacionaba con los ministros y les daba la responsabilidad de su equipo. No interfer\u00eda en los segundos niveles de los ministerios&#8221;.<\/P><br \/>\n<P>Por cierto, ese alguien enga\u00f1\u00f3 a Gonz\u00e1lez al colocarle en la falsa tesitura de o volar a c\u00fapula de ETA o dejar&nbsp;que escapara. En 1989 o 1990, Francia ya deten\u00eda &#8216;n\u00fameros unos&#8217; de ETA, tal y como podr\u00eda atestiguar en su momento el propio &#8216;Josu Ternera&#8217;, por citar un ejemplo.<\/P><br \/>\n<P>S\u00ed, en efecto, en breve necesitaremos una Comisi\u00f3n de la Mentira porque si ya es teor\u00eda consagrada que la sociedad vasca miraba hacia otro lado mientras las distintas ramas de ETA y de los Comandos Aut\u00f3nomos Anticapitalistas mataba a diestro y siniestro, algui\u00e9n deber\u00e1 poner en valor -aunque s\u00f3lo sea para reavivar por contraste nuestra mezquindad- el coraje de la sociedad espa\u00f1ola, su comportamiento c\u00edvico-electoral durante aquellos a\u00f1os de &#8216;guerra sucia&#8217;, las interpelaciones parlamentarias sobre el tema y las manifestaciones llevadas a cabo en Madrid para esclarecer aquel asunto, antes de que estallara el gran esc\u00e1ndalo -&#8220;\u00a1oh, cielos! \u00a1alguien est\u00e1 utilizando el asesinato para robar fondos p\u00fablicos!&#8221;-.<\/P><br \/>\n<P>Por lo dem\u00e1s, tiene raz\u00f3n Patxi L\u00f3pez: son hechos pasados, cuyos responsables fueron juzgados y condenados. Para reforzar lo arcaico que resulta el tema, se le olvid\u00f3 decir que incluso todos ellos ya fueron excarcelados hace ya&nbsp;lustros, eso s\u00ed, tras el cumplimiento \u00edntegro de sus indultos en sus m\u00e1s diversas formas.<\/P><\/p>\n<!-- AddThis Advanced Settings generic via filter on the_content --><!-- AddThis Share Buttons generic via filter on the_content -->","protected":false},"excerpt":{"rendered":"<p>Ya disculpar\u00e1n el retraso, pero si Felipe Gonz\u00e1lez se ha tomado veinte a\u00f1os para confesar que, puesto en la tesitura de si volar o no a la c\u00fapula de ETA, dijo que no y a\u00fan no sabe si hizo bien o mal, un servidor haya tardado una semana entera en comentarlo. El caso es que [&hellip;]<!-- AddThis Advanced Settings generic via filter on get_the_excerpt --><!-- AddThis Share Buttons generic via filter on get_the_excerpt --><\/p>\n","protected":false},"author":37,"featured_media":0,"comment_status":"open","ping_status":"closed","sticky":false,"template":"","format":"standard","meta":[],"categories":[2],"tags":[5],"_links":{"self":[{"href":"https:\/\/blogs.diariovasco.com\/eljukebox\/wp-json\/wp\/v2\/posts\/1304"}],"collection":[{"href":"https:\/\/blogs.diariovasco.com\/eljukebox\/wp-json\/wp\/v2\/posts"}],"about":[{"href":"https:\/\/blogs.diariovasco.com\/eljukebox\/wp-json\/wp\/v2\/types\/post"}],"author":[{"embeddable":true,"href":"https:\/\/blogs.diariovasco.com\/eljukebox\/wp-json\/wp\/v2\/users\/37"}],"replies":[{"embeddable":true,"href":"https:\/\/blogs.diariovasco.com\/eljukebox\/wp-json\/wp\/v2\/comments?post=1304"}],"version-history":[{"count":0,"href":"https:\/\/blogs.diariovasco.com\/eljukebox\/wp-json\/wp\/v2\/posts\/1304\/revisions"}],"wp:attachment":[{"href":"https:\/\/blogs.diariovasco.com\/eljukebox\/wp-json\/wp\/v2\/media?parent=1304"}],"wp:term":[{"taxonomy":"category","embeddable":true,"href":"https:\/\/blogs.diariovasco.com\/eljukebox\/wp-json\/wp\/v2\/categories?post=1304"},{"taxonomy":"post_tag","embeddable":true,"href":"https:\/\/blogs.diariovasco.com\/eljukebox\/wp-json\/wp\/v2\/tags?post=1304"}],"curies":[{"name":"wp","href":"https:\/\/api.w.org\/{rel}","templated":true}]}}