{"id":1307,"date":"2010-11-23T20:48:27","date_gmt":"2010-11-23T20:48:27","guid":{"rendered":"http:\/\/blogs.diariovasco.com\/eljukebox\/?p=1307"},"modified":"2010-11-23T20:48:27","modified_gmt":"2010-11-23T20:48:27","slug":"la_gran_novela_espanola_era_grafica","status":"publish","type":"post","link":"https:\/\/blogs.diariovasco.com\/eljukebox\/2010\/11\/23\/la_gran_novela_espanola_era_grafica\/","title":{"rendered":"La Gran Novela Espa\u00f1ola era gr\u00e1fica"},"content":{"rendered":"<p><P>El 4 de mayo de 2001, Antonio Altarriba se lanz\u00f3 al vac\u00edo desde la ventana del cuarto piso de la residencia de ancianos riojana en la que viv\u00eda. A los pocos d\u00edas, su hijo recibi\u00f3 una carta de la directora de la residencia reclamando 34 euros a cuenta de los tres d\u00edas de mayo que el padre hab\u00eda dejado a deber.<\/P><br \/>\n<P>Mientras en Estados Unidos contin\u00faan debatiendo en torno a cu\u00e1l es la Gran Novela Americana, aqu\u00ed se da la paradoja de que la Gran Novela Espa\u00f1ola es una novela gr\u00e1fica. Firmada por Antonio Altarriba (hijo) y Kim, &#8216;El arte de volar&#8217; cuenta la historia de los noventa a\u00f1os de vida de un hombre que tuvo la mala fortuna de nacer en un pueblo aragon\u00e9s a comienzos del siglo XX.<\/P><br \/>\n<P>Por las p\u00e1ginas del libro&nbsp;desfilan aquel mundo rural que parece Chiapas, la II Rep\u00fablica, la Guerra Civil, la huida tras la derrota, el exilio franc\u00e9s y&nbsp;la postguerra, convertida en una Semana Santa de cuarenta a\u00f1os de duraci\u00f3n. Y la transici\u00f3n democr\u00e1tica, claro.&nbsp;<\/P><br \/>\n<P>El c\u00f3mic relata una vida sin atributos y al hacerlo, muestra un mosaico de traiciones y solidaridades, acciones banales que no son ni lo uno ni lo otro, la familia como l\u00e1tigo y&nbsp;las distintas opciones de succi\u00f3n que se brindan entre s\u00ed hombres e ideologia -con intercambio de papeles, que toda una vida da para mucho-.<\/P><br \/>\n<P>&#8220;M\u00e1s all\u00e1 de la depresi\u00f3n y desencadenante de la misma, mi padre se hab\u00eda suicidado como consecuencia de una acumulaci\u00f3n mort\u00edfera de fracaso, frustraci\u00f3n y humillaci\u00f3n&#8221;, concluye Antonio Altarriba hijo. En doscientas y pico p\u00e1ginas, se relata c\u00f3mo se construy\u00f3, -a veces gota a gota, a veces a chorros-, esa acumulaci\u00f3n y el relato estremece. Hace unos d\u00edas le dieron el Premio Nacional del C\u00f3mic 2010. Costar\u00e1 encontrar en 2011 un galardonado que est\u00e9 a la altura.<\/P><br \/>\n<P>&nbsp;<\/P><\/p>\n<!-- AddThis Advanced Settings generic via filter on the_content --><!-- AddThis Share Buttons generic via filter on the_content -->","protected":false},"excerpt":{"rendered":"<p>El 4 de mayo de 2001, Antonio Altarriba se lanz\u00f3 al vac\u00edo desde la ventana del cuarto piso de la residencia de ancianos riojana en la que viv\u00eda. A los pocos d\u00edas, su hijo recibi\u00f3 una carta de la directora de la residencia reclamando 34 euros a cuenta de los tres d\u00edas de mayo que [&hellip;]<!-- AddThis Advanced Settings generic via filter on get_the_excerpt --><!-- AddThis Share Buttons generic via filter on get_the_excerpt --><\/p>\n","protected":false},"author":37,"featured_media":0,"comment_status":"open","ping_status":"closed","sticky":false,"template":"","format":"standard","meta":[],"categories":[2],"tags":[5],"_links":{"self":[{"href":"https:\/\/blogs.diariovasco.com\/eljukebox\/wp-json\/wp\/v2\/posts\/1307"}],"collection":[{"href":"https:\/\/blogs.diariovasco.com\/eljukebox\/wp-json\/wp\/v2\/posts"}],"about":[{"href":"https:\/\/blogs.diariovasco.com\/eljukebox\/wp-json\/wp\/v2\/types\/post"}],"author":[{"embeddable":true,"href":"https:\/\/blogs.diariovasco.com\/eljukebox\/wp-json\/wp\/v2\/users\/37"}],"replies":[{"embeddable":true,"href":"https:\/\/blogs.diariovasco.com\/eljukebox\/wp-json\/wp\/v2\/comments?post=1307"}],"version-history":[{"count":0,"href":"https:\/\/blogs.diariovasco.com\/eljukebox\/wp-json\/wp\/v2\/posts\/1307\/revisions"}],"wp:attachment":[{"href":"https:\/\/blogs.diariovasco.com\/eljukebox\/wp-json\/wp\/v2\/media?parent=1307"}],"wp:term":[{"taxonomy":"category","embeddable":true,"href":"https:\/\/blogs.diariovasco.com\/eljukebox\/wp-json\/wp\/v2\/categories?post=1307"},{"taxonomy":"post_tag","embeddable":true,"href":"https:\/\/blogs.diariovasco.com\/eljukebox\/wp-json\/wp\/v2\/tags?post=1307"}],"curies":[{"name":"wp","href":"https:\/\/api.w.org\/{rel}","templated":true}]}}