{"id":1308,"date":"2010-11-24T19:45:07","date_gmt":"2010-11-24T19:45:07","guid":{"rendered":"http:\/\/blogs.diariovasco.com\/eljukebox\/?p=1308"},"modified":"2010-11-24T19:45:07","modified_gmt":"2010-11-24T19:45:07","slug":"la_degeneracion_mejor_preparada_de_la_hi","status":"publish","type":"post","link":"https:\/\/blogs.diariovasco.com\/eljukebox\/2010\/11\/24\/la_degeneracion_mejor_preparada_de_la_hi\/","title":{"rendered":"La degeneraci\u00f3n mejor preparada de la Historia"},"content":{"rendered":"<p><P>Con el paso del tiempo se va demostrando que aquella est\u00fapida m\u00e1xima de &#8220;procura vivir de tus padres hasta que puedas vivir de tus hijos&#8221; no era m\u00e1s que otra formulaci\u00f3n de la burbuja inmobiliaria. Su actualizaci\u00f3n obliga a algunos reajustes: &#8220;Procura vivir como tus padres antes de que tuvieran hijos&#8221;, quiz\u00e1s ser\u00eda m\u00e1s exacta.<\/P><br \/>\n<P>Cuando los telediarios advierten&nbsp;de que&nbsp;&#8220;los j\u00f3venes comienzan a asumir que vivir\u00e1n peor que sus padres&#8221; en el mismo reportaje en el que mencionan, as\u00ed como de pasada, que estamos ante la juventud mejor preparada de nuestra historia parece que quieren establecer alguna suerte de ligaz\u00f3n entre una cosa y la otra, pero nunca terminan de concretar cu\u00e1l puede ser. <\/P><br \/>\n<P>Est\u00e1 cient\u00edficamente demostrado que la historia avanza en forma de escobilla de v\u00e1ter, pero la oraci\u00f3n original contiene varias trampas, algunas, pre\u00f1adas de optimismo. De hecho, aunque s\u00f3lo fuera por cortes\u00eda, convendr\u00eda aguardar a que las vidas de los citados padres se hayan extinguido por completo para hacer balance, dicho sea en recuerdo de las residencias de ancianos, en donde algunos desafortunados llegan a pasar hasta un 20% de su existencia.<\/P><br \/>\n<P>Por otro lado, toda esta prosodia apenas&nbsp;esconde una enorme falta de&nbsp;atinar en la descripci\u00f3n de&nbsp;un estado de \u00e1nimo, un sentimiento de \u00e9poca, se podr\u00eda decir, reflejado, por ejemplo, en la idea de que&nbsp;&#8220;\u00e9sta ser\u00e1 la primera generaci\u00f3n que morir\u00e1 mejor que la de sus padres y, por supuesto, mucho m\u00e1s lentamente&#8221;. <\/P><br \/>\n<P>En realidad, hay que confiar en que haya suerte y que finalmente sean nuestros hijos los que vivan peor que nuestros padres, dej\u00e1ndonos a nosotros la dicha de apurar a ese dinosaurio denominado en su d\u00eda &#8216;estado del bienestar&#8217;. <\/P><br \/>\n<P>Dicho lo cual, j\u00f3venes espa\u00f1oles, pod\u00e9is estar tranquilos, al menos hasta el fat\u00eddico d\u00eda en el que las agencias de calificaci\u00f3n de deuda -convertidas en nuestros nuevos leg\u00edtimos&nbsp;representantes pol\u00edticos por incomparecencia de los partidos-,&nbsp;os garanticen que no s\u00f3lo vivir\u00e9is peor que vuestros padres, si no tambi\u00e9n que vuestras madres. No lo olvid\u00e9is nunca: sois la degeneraci\u00f3n mejor preparada de la Historia de Espa\u00f1a y eso, sabemos que lo sab\u00e9is, es mucho decir.<\/P><\/p>\n<!-- AddThis Advanced Settings generic via filter on the_content --><!-- AddThis Share Buttons generic via filter on the_content -->","protected":false},"excerpt":{"rendered":"<p>Con el paso del tiempo se va demostrando que aquella est\u00fapida m\u00e1xima de &#8220;procura vivir de tus padres hasta que puedas vivir de tus hijos&#8221; no era m\u00e1s que otra formulaci\u00f3n de la burbuja inmobiliaria. Su actualizaci\u00f3n obliga a algunos reajustes: &#8220;Procura vivir como tus padres antes de que tuvieran hijos&#8221;, quiz\u00e1s ser\u00eda m\u00e1s exacta. [&hellip;]<!-- AddThis Advanced Settings generic via filter on get_the_excerpt --><!-- AddThis Share Buttons generic via filter on get_the_excerpt --><\/p>\n","protected":false},"author":37,"featured_media":0,"comment_status":"open","ping_status":"closed","sticky":false,"template":"","format":"standard","meta":[],"categories":[2],"tags":[5],"_links":{"self":[{"href":"https:\/\/blogs.diariovasco.com\/eljukebox\/wp-json\/wp\/v2\/posts\/1308"}],"collection":[{"href":"https:\/\/blogs.diariovasco.com\/eljukebox\/wp-json\/wp\/v2\/posts"}],"about":[{"href":"https:\/\/blogs.diariovasco.com\/eljukebox\/wp-json\/wp\/v2\/types\/post"}],"author":[{"embeddable":true,"href":"https:\/\/blogs.diariovasco.com\/eljukebox\/wp-json\/wp\/v2\/users\/37"}],"replies":[{"embeddable":true,"href":"https:\/\/blogs.diariovasco.com\/eljukebox\/wp-json\/wp\/v2\/comments?post=1308"}],"version-history":[{"count":0,"href":"https:\/\/blogs.diariovasco.com\/eljukebox\/wp-json\/wp\/v2\/posts\/1308\/revisions"}],"wp:attachment":[{"href":"https:\/\/blogs.diariovasco.com\/eljukebox\/wp-json\/wp\/v2\/media?parent=1308"}],"wp:term":[{"taxonomy":"category","embeddable":true,"href":"https:\/\/blogs.diariovasco.com\/eljukebox\/wp-json\/wp\/v2\/categories?post=1308"},{"taxonomy":"post_tag","embeddable":true,"href":"https:\/\/blogs.diariovasco.com\/eljukebox\/wp-json\/wp\/v2\/tags?post=1308"}],"curies":[{"name":"wp","href":"https:\/\/api.w.org\/{rel}","templated":true}]}}