{"id":1309,"date":"2010-11-25T15:22:04","date_gmt":"2010-11-25T15:22:04","guid":{"rendered":"http:\/\/blogs.diariovasco.com\/eljukebox\/?p=1309"},"modified":"2010-11-25T15:22:04","modified_gmt":"2010-11-25T15:22:04","slug":"la_seleccion_vasca_volvera_a_jugar_con_t","status":"publish","type":"post","link":"https:\/\/blogs.diariovasco.com\/eljukebox\/2010\/11\/25\/la_seleccion_vasca_volvera_a_jugar_con_t\/","title":{"rendered":"La selecci\u00f3n vasca volver\u00e1 a jugar con todos nosotros"},"content":{"rendered":"<p>La Navidad est\u00e1 a la vuelta de la esquina. La prueba es que, para solaz de los m\u00e1s peque\u00f1os de la casa, ya se asoman por el horizonte los personajes imaginarios propios de estas fechas: el Olentzero, los Reyes Magos y la selecci\u00f3n vasca de f\u00fatbol.<\/p>\n<p>La selecci\u00f3n espa\u00f1ola de f\u00fatbol tiene la ventaja de ser real, por m\u00e1s que represente a un pa\u00eds inexistente. La prueba palpable de todo esto es Sara Carbonero, un elemento sin el que &#8216;La Roja&#8217; no se entender\u00eda el triunfo espa\u00f1ol en un Mundial que comenz\u00f3 perdiendo frente a Suiza, un para\u00edso fiscal al margen de los vaivenes de los mercados.<\/p>\n<p>El error de reivindicar una selecci\u00f3n vasca estriba precisamente en su singularidad. Lo urgente es reclamar todo un entramado de combinados vascos que nos representen a todos, entendi\u00e9ndase por todos como una comunidad variada, pluriling\u00fce y con diferentes sentimientos de pertenencia, pero unida en lo fundamental: el desacuerdo permanente.<\/p>\n<p>Por eso, no habr\u00e1 representaci\u00f3n vasca en las competiciones oficiales internacionales hasta que se articulen varios equipos, m\u00ednimo dos: el combinado soberanista y la selecci\u00f3n transversal. La escuadra jeltzale, por su parte, podr\u00eda funcionar a la manera de los filiales, surtiendo de jugadores a uno u otro en funci\u00f3n de la mayor\u00edas parlamentarias.<\/p>\n<p>Euskadi es una y trina. Las posibilidades de que termine jugando su tradicional partido navide\u00f1o son inversamente proporcionales al grado de desacuerdo abierto entre los jugadores y su Federaci\u00f3n. <\/p>\n<p>Desde el punto de vista espiritual, hay que felicitarse por la reaparici\u00f3n de la selecci\u00f3n vasca-Euskadi-Euskalherria-Los Verdes porque su retorno suponela vuelta al deporte en estado qu\u00edmicamente puro. <\/p>\n<p>Es m\u00e1s, aqu\u00ed lo importante no es que sea participar, por encima de todo incluido el resultado; es que hasta el rival resulta irrelevante. Y para qu\u00e9 no digan que a los jugadores les faltar\u00e1 est\u00edmulo, recordar que no habr\u00e1 mejor escaparate para lucirse de cara a una ulterior convocatoria para jugar a las \u00f3rdenes de Vicente Del Bosque.<\/p>\n<!-- AddThis Advanced Settings generic via filter on the_content --><!-- AddThis Share Buttons generic via filter on the_content -->","protected":false},"excerpt":{"rendered":"<p>La Navidad est\u00e1 a la vuelta de la esquina. La prueba es que, para solaz de los m\u00e1s peque\u00f1os de la casa, ya se asoman por el horizonte los personajes imaginarios propios de estas fechas: el Olentzero, los Reyes Magos y la selecci\u00f3n vasca de f\u00fatbol. La selecci\u00f3n espa\u00f1ola de f\u00fatbol tiene la ventaja de [&hellip;]<!-- AddThis Advanced Settings generic via filter on get_the_excerpt --><!-- AddThis Share Buttons generic via filter on get_the_excerpt --><\/p>\n","protected":false},"author":37,"featured_media":0,"comment_status":"open","ping_status":"closed","sticky":false,"template":"","format":"standard","meta":[],"categories":[2],"tags":[5],"_links":{"self":[{"href":"https:\/\/blogs.diariovasco.com\/eljukebox\/wp-json\/wp\/v2\/posts\/1309"}],"collection":[{"href":"https:\/\/blogs.diariovasco.com\/eljukebox\/wp-json\/wp\/v2\/posts"}],"about":[{"href":"https:\/\/blogs.diariovasco.com\/eljukebox\/wp-json\/wp\/v2\/types\/post"}],"author":[{"embeddable":true,"href":"https:\/\/blogs.diariovasco.com\/eljukebox\/wp-json\/wp\/v2\/users\/37"}],"replies":[{"embeddable":true,"href":"https:\/\/blogs.diariovasco.com\/eljukebox\/wp-json\/wp\/v2\/comments?post=1309"}],"version-history":[{"count":0,"href":"https:\/\/blogs.diariovasco.com\/eljukebox\/wp-json\/wp\/v2\/posts\/1309\/revisions"}],"wp:attachment":[{"href":"https:\/\/blogs.diariovasco.com\/eljukebox\/wp-json\/wp\/v2\/media?parent=1309"}],"wp:term":[{"taxonomy":"category","embeddable":true,"href":"https:\/\/blogs.diariovasco.com\/eljukebox\/wp-json\/wp\/v2\/categories?post=1309"},{"taxonomy":"post_tag","embeddable":true,"href":"https:\/\/blogs.diariovasco.com\/eljukebox\/wp-json\/wp\/v2\/tags?post=1309"}],"curies":[{"name":"wp","href":"https:\/\/api.w.org\/{rel}","templated":true}]}}