{"id":1310,"date":"2010-11-26T09:59:10","date_gmt":"2010-11-26T09:59:10","guid":{"rendered":"http:\/\/blogs.diariovasco.com\/eljukebox\/?p=1310"},"modified":"2010-11-26T09:59:10","modified_gmt":"2010-11-26T09:59:10","slug":"treinta_de_los_grandes","status":"publish","type":"post","link":"https:\/\/blogs.diariovasco.com\/eljukebox\/2010\/11\/26\/treinta_de_los_grandes\/","title":{"rendered":"Treinta de los &#039;grandes&#039;"},"content":{"rendered":"<p>Zapatero se reunir\u00e1 ma\u00f1ana con los treinta grandes empresarios espa\u00f1oles, si es que que a\u00fan quedan tantos en el pa\u00eds. En caso contrario, se bajar\u00e1 el list\u00f3n hasta donde sea necesario, no descart\u00e1ndose por tanto la presencia de D\u00edaz-Ferr\u00e1n. La motivaci\u00f3n que animar\u00e1 esta reuni\u00f3n ser\u00e1 id\u00e9ntica en el caso del presidente del Gobierno y en de los empresarios: constatar con sus propios ojos su mutua existencia.<\/p>\n<p>Si algo nos ha ense\u00f1ado esta crisis es que en un sistema de libre mercado el liderazgo natural debe recaer sobre los emprendedores. Probablemente, esta idea tan sencilla explica el aparatoso desmoronamiento del tel\u00f3n de acero. De hecho, en un mundo perfecto gobernar\u00eda la patronal que, de vez en cuando, llamar\u00eda a consultas a los partidos pol\u00edticos.<\/p>\n<p>Los treinta grandes -en cuya lista no figura inexplicablemente Nacho Vidal-, acudir\u00e1n a la reuni\u00f3n con \u00e1nimo constructivo, siempre dispuestos a arrimar el hombro y su correspondiente extremidad, cuya terminal es precisamente una mano. <\/p>\n<p>Para que no quepa duda de sus intenciones, son los mismos que en las entregas de premios manifiestan su deseo de devolver a la sociedad una parte de todo lo que \u00e9sta les ha dado, excelentes intenciones que luego no terminan de concretarse. <\/p>\n<p>Y a\u00fan habr\u00eda que decir m\u00e1s: si las formaciones pol\u00edticas aparecen ro\u00eddas por las redes de clientelismo y comisiones a cargo de las adjudicaciones a dedo, ninguno de los convocados tiene nada que ver, como lo demuestra su condici\u00f3n de &#8216;grandes empresarios&#8217;, incompatible con la de financiadores ilegales.<\/p>\n<p>Los empresarios le pedir\u00e1n al presidente que impulse la competitividad, lo que traducido al castellano quiere decir que flexibilice el mercado laboral e incentive -a poder ser en billetes peque\u00f1os- las inversiones. Ya saben: I+D+I+ota.<\/p>\n<p>Zapatero, por su parte, reclamar\u00e1 lo que alguien llam\u00f3 &#8220;el \u00faltimo refugio de los canallas&#8221;, el patriotismo, como si la mera asistencia a la reuni\u00f3n no fuera una prueba incontestable. Por cierto, hay quien reclama que la reuni\u00f3n de los treinta grandes -o cuantos finalmente salgan- no deber\u00eda ser con ZP, sino con Rajoy, pero para semejante abnegaci\u00f3n no basta con el amor a la patria: hace falta un punto de fanatismo.<\/p>\n<!-- AddThis Advanced Settings generic via filter on the_content --><!-- AddThis Share Buttons generic via filter on the_content -->","protected":false},"excerpt":{"rendered":"<p>Zapatero se reunir\u00e1 ma\u00f1ana con los treinta grandes empresarios espa\u00f1oles, si es que que a\u00fan quedan tantos en el pa\u00eds. En caso contrario, se bajar\u00e1 el list\u00f3n hasta donde sea necesario, no descart\u00e1ndose por tanto la presencia de D\u00edaz-Ferr\u00e1n. La motivaci\u00f3n que animar\u00e1 esta reuni\u00f3n ser\u00e1 id\u00e9ntica en el caso del presidente del Gobierno y [&hellip;]<!-- AddThis Advanced Settings generic via filter on get_the_excerpt --><!-- AddThis Share Buttons generic via filter on get_the_excerpt --><\/p>\n","protected":false},"author":37,"featured_media":0,"comment_status":"open","ping_status":"closed","sticky":false,"template":"","format":"standard","meta":[],"categories":[2],"tags":[5],"_links":{"self":[{"href":"https:\/\/blogs.diariovasco.com\/eljukebox\/wp-json\/wp\/v2\/posts\/1310"}],"collection":[{"href":"https:\/\/blogs.diariovasco.com\/eljukebox\/wp-json\/wp\/v2\/posts"}],"about":[{"href":"https:\/\/blogs.diariovasco.com\/eljukebox\/wp-json\/wp\/v2\/types\/post"}],"author":[{"embeddable":true,"href":"https:\/\/blogs.diariovasco.com\/eljukebox\/wp-json\/wp\/v2\/users\/37"}],"replies":[{"embeddable":true,"href":"https:\/\/blogs.diariovasco.com\/eljukebox\/wp-json\/wp\/v2\/comments?post=1310"}],"version-history":[{"count":0,"href":"https:\/\/blogs.diariovasco.com\/eljukebox\/wp-json\/wp\/v2\/posts\/1310\/revisions"}],"wp:attachment":[{"href":"https:\/\/blogs.diariovasco.com\/eljukebox\/wp-json\/wp\/v2\/media?parent=1310"}],"wp:term":[{"taxonomy":"category","embeddable":true,"href":"https:\/\/blogs.diariovasco.com\/eljukebox\/wp-json\/wp\/v2\/categories?post=1310"},{"taxonomy":"post_tag","embeddable":true,"href":"https:\/\/blogs.diariovasco.com\/eljukebox\/wp-json\/wp\/v2\/tags?post=1310"}],"curies":[{"name":"wp","href":"https:\/\/api.w.org\/{rel}","templated":true}]}}