{"id":1324,"date":"2010-12-14T10:28:34","date_gmt":"2010-12-14T10:28:34","guid":{"rendered":"http:\/\/blogs.diariovasco.com\/eljukebox\/?p=1324"},"modified":"2010-12-14T10:28:34","modified_gmt":"2010-12-14T10:28:34","slug":"de_campo_y_plaza_o_los_cien_nombres_de_a","status":"publish","type":"post","link":"https:\/\/blogs.diariovasco.com\/eljukebox\/2010\/12\/14\/de_campo_y_plaza_o_los_cien_nombres_de_a\/","title":{"rendered":"De campo y plaza o los cien nombres de Atocha"},"content":{"rendered":"<p>S\u00f3lo un San Sebasti\u00e1n tan pagada de s\u00ed misma como para presuponer que existen todos los a\u00f1os candidatos susceptibles de recibir un galard\u00f3n por su trabajo en pro de la ciudad a cambio de nada cree que puede permitirse el lujo de que se borren de un plumazo setenta a\u00f1os de historia colectiva sin preservar siquiera el top\u00f3nimo.<\/p>\n<p>Sucedi\u00f3 con el viejo campo de Atocha, pero ahora, un colectivo de aficionados trata de recuperar para la nueva plaza el buen nombre del viejo campo. El guante lo ha recogido el candidato del PP, Ram\u00f3n G\u00f3mez Ugalde, que definitivamente se perfila ya como el rival de Elorza m\u00e1s r\u00e1pido en desenfundar.<\/p>\n<p>De producirse, habr\u00eda que situar la devoluci\u00f3n&nbsp; del nombre de Atocha al enclave en el contexto de eso que se llama proceso de normalizaci\u00f3n democr\u00e1tica, dado que la denominaci\u00f3n de plaza de Iru Txulo no la conocen ni los mejores taxistas de la parada del Boulevard.<\/p>\n<p>Enti\u00e9ndase bien: no se tratar\u00eda de un ejercicio de nostalgia, ni siquiera en el caso de que el cambio de nombre se rematara con la instalaci\u00f3n en la plaza de una de las porter\u00edas del viejo campo, a modo de monumento evocador y que no tardar\u00eda en ser pasto de los v\u00e1ndalos. De hecho, hay que huir de la tentaci\u00f3n de mitificar a los fantasmas y el hueco que dejaron. S\u00f3lo desde alguna variedad de la coprofagia se puede a\u00f1orar el irreductible tufo que emanaba de sus v\u00e1teres, apenas sofocado por el aroma de los puros de tribuna.<\/p>\n<p>No obstante, cuando se pas\u00f3 de Atocha a Anoeta, por el camino se ganaron unas pistas de atletismo y, a cambio, se perdieron una colecci\u00f3n de gestos que, en esencia, constituyen lo que queda de Atocha. <\/p>\n<p>Por decirlo de otra manera, no es lo mismo llegar al campo hora y media antes del inicio de un partido que contemplar\u00e1s de pie -en su caso, pr\u00f3rroga y penaltis incluidos-, que aterrizar en tu localidad a la hora en punto para presenciar sentado el -es un decir- espect\u00e1culo. A partir de ah\u00ed, puede que lo que suceda en el campo sea parecido, pero se operan cambios radicales sobre la actitud de quien lo contempla. A la larga, sobre su car\u00e1cter. <\/p>\n<p>Aquella espera tambi\u00e9n terminaba dejando un poso est\u00e9tico: cuando el artista Ai Weiwei llen\u00f3 la Sala de Turbinas de la Tate Modern Gallery de Londres con un mill\u00f3n de pipas de girasol, la instalaci\u00f3n result\u00f3 tan original que la \u00fanica referencia previa que encontr\u00e9 fue el estado en el que quedaban los fondos de Atocha despu\u00e9s de cada partido. <\/p>\n<p>Para entrar en Atocha sin entrada -al menos, sin la correcta-, hab\u00eda mil y una maniobras asociadas a la picaresca. Luego, una vez dentro, los ni\u00f1os tocaban la espalda de L\u00f3pez Ufarte cada vez que se apoyaba contra la verja para sacar un c\u00f3rner, qui\u00e9n sabe si con la esperanza de que se les pegara algo del &#8216;chaval&#8217;, bien en la zurda, bien en la diestra (a la vista de lo sucedido en los a\u00f1os siguientes, es dudoso que el truco funcionara).<\/p>\n<p>Supe que la Real hab\u00eda cambiado el d\u00eda en el que vi que jugadores de las categor\u00edas inferiores del club se apostaban junto a las taquillas de Anoeta para revender los pases que les proporciona el club. En efecto, tambi\u00e9n ellos son la generaci\u00f3n mejor preparada de nuestra historia, aunque no necesariamente para jugar al f\u00fatbol.<\/p>\n<!-- AddThis Advanced Settings generic via filter on the_content --><!-- AddThis Share Buttons generic via filter on the_content -->","protected":false},"excerpt":{"rendered":"<p>S\u00f3lo un San Sebasti\u00e1n tan pagada de s\u00ed misma como para presuponer que existen todos los a\u00f1os candidatos susceptibles de recibir un galard\u00f3n por su trabajo en pro de la ciudad a cambio de nada cree que puede permitirse el lujo de que se borren de un plumazo setenta a\u00f1os de historia colectiva sin preservar [&hellip;]<!-- AddThis Advanced Settings generic via filter on get_the_excerpt --><!-- AddThis Share Buttons generic via filter on get_the_excerpt --><\/p>\n","protected":false},"author":37,"featured_media":0,"comment_status":"open","ping_status":"closed","sticky":false,"template":"","format":"standard","meta":[],"categories":[2],"tags":[5],"_links":{"self":[{"href":"https:\/\/blogs.diariovasco.com\/eljukebox\/wp-json\/wp\/v2\/posts\/1324"}],"collection":[{"href":"https:\/\/blogs.diariovasco.com\/eljukebox\/wp-json\/wp\/v2\/posts"}],"about":[{"href":"https:\/\/blogs.diariovasco.com\/eljukebox\/wp-json\/wp\/v2\/types\/post"}],"author":[{"embeddable":true,"href":"https:\/\/blogs.diariovasco.com\/eljukebox\/wp-json\/wp\/v2\/users\/37"}],"replies":[{"embeddable":true,"href":"https:\/\/blogs.diariovasco.com\/eljukebox\/wp-json\/wp\/v2\/comments?post=1324"}],"version-history":[{"count":0,"href":"https:\/\/blogs.diariovasco.com\/eljukebox\/wp-json\/wp\/v2\/posts\/1324\/revisions"}],"wp:attachment":[{"href":"https:\/\/blogs.diariovasco.com\/eljukebox\/wp-json\/wp\/v2\/media?parent=1324"}],"wp:term":[{"taxonomy":"category","embeddable":true,"href":"https:\/\/blogs.diariovasco.com\/eljukebox\/wp-json\/wp\/v2\/categories?post=1324"},{"taxonomy":"post_tag","embeddable":true,"href":"https:\/\/blogs.diariovasco.com\/eljukebox\/wp-json\/wp\/v2\/tags?post=1324"}],"curies":[{"name":"wp","href":"https:\/\/api.w.org\/{rel}","templated":true}]}}