{"id":1325,"date":"2010-12-15T10:16:03","date_gmt":"2010-12-15T10:16:03","guid":{"rendered":"http:\/\/blogs.diariovasco.com\/eljukebox\/?p=1325"},"modified":"2010-12-15T10:16:03","modified_gmt":"2010-12-15T10:16:03","slug":"la_conspiracion_nos_hara_libres","status":"publish","type":"post","link":"https:\/\/blogs.diariovasco.com\/eljukebox\/2010\/12\/15\/la_conspiracion_nos_hara_libres\/","title":{"rendered":"La conspiraci\u00f3n nos har\u00e1 libres"},"content":{"rendered":"<p>Un fantasta recorre Europa: la conspiraci\u00f3n, o m\u00e1s bien, la sombra de su sospecha. En un mundo que revela cada d\u00eda con menos pudor su car\u00e1cter absurdo, la teor\u00eda conspirativa nos devuelve a los tiempos de la tragedia griega, dota a todo de sentido y convierte a los hombres en t\u00edteres movidos por hilos en manos de unos dioses tan sabios como p\u00e9rfidos.<\/p>\n<p>La conspiraci\u00f3n es una religici\u00f3n polite\u00edsta, pero s\u00f3lo en teor\u00eda: a la hora de la verdad, los ocupantes del Olimpo responden como un s\u00f3lo hombre a un \u00fanico inter\u00e9s. As\u00ed, la huelga de controladores sirve para desviar la atenci\u00f3n de la privatizaci\u00f3n de Aena, el estado de alarma eclipsa los recortes econ\u00f3micos del Gobierno, la operaci\u00f3n Galgo hace olvidar las filtraciones de Wikileaks y \u00e9stas, los rescates econ\u00f3micos de los pa\u00edses.<\/p>\n<p>Toda esta concatenaci\u00f3n de acontecimientos se produce adem\u00e1s en un contexto de culto a la enormidad, en el que cada d\u00eda hay un partido del siglo, cada semana se registra el mayor ataque a la democracia desde el 23-F, cualquier filtraci\u00f3n acabar\u00e1 con el periodismo tal y como lo hemos conocido, y todo cuanto sucede cambiar\u00e1 el mundo para siempre.<\/p>\n<p>Como todas las religiones, la conspiraci\u00f3n dota al mundo de sentido y nos rescata de la sensaci\u00f3n de insectos que corretean enloquecidos a trav\u00e9s de un circuito construido a base de lo imprevisible y lo arbitrario. Sin embargo, instalarnos en tan reconfortante sensaci\u00f3n se requiere cruzar el abismo que se abre entre la teor\u00eda y la pr\u00e1ctica y s\u00f3lo hay un puente: la fe.<\/p>\n<p>Por eso, quienes no hemos sido adornados con esta gracia divina estamos condenados a conformarnos con asumir que vivimos en un mundo en el que los que mandan apenas toman decisiones y la ejecuci\u00f3n de \u00e9stas recae en intermediarios, subintendentes, asesores, vicesecretarios, personal de confianza y gentes, en general, muy ocupadas con otras cosas. <\/p>\n<p>Dicho de otra forma: el Bar\u00e7a es una acumulaci\u00f3n de improbabilidades estad\u00edsticas, mientras que la Real encarna la realidad, un mundo al margen de la pizarra del entrenador, en el que el bal\u00f3n rara vez pasa por los pies de Xabi Prieto porque casi siempre est\u00e1 en poder de Diego Rivas, que se lo devolver\u00e1 al portero, lo enviar\u00e1 fuera de banda o se lo entregar\u00e1 directamente al rival, y en todos los casos, sin la menor intenci\u00f3n de hacerlo. <\/p>\n<!-- AddThis Advanced Settings generic via filter on the_content --><!-- AddThis Share Buttons generic via filter on the_content -->","protected":false},"excerpt":{"rendered":"<p>Un fantasta recorre Europa: la conspiraci\u00f3n, o m\u00e1s bien, la sombra de su sospecha. En un mundo que revela cada d\u00eda con menos pudor su car\u00e1cter absurdo, la teor\u00eda conspirativa nos devuelve a los tiempos de la tragedia griega, dota a todo de sentido y convierte a los hombres en t\u00edteres movidos por hilos en [&hellip;]<!-- AddThis Advanced Settings generic via filter on get_the_excerpt --><!-- AddThis Share Buttons generic via filter on get_the_excerpt --><\/p>\n","protected":false},"author":37,"featured_media":0,"comment_status":"open","ping_status":"closed","sticky":false,"template":"","format":"standard","meta":[],"categories":[2],"tags":[5],"_links":{"self":[{"href":"https:\/\/blogs.diariovasco.com\/eljukebox\/wp-json\/wp\/v2\/posts\/1325"}],"collection":[{"href":"https:\/\/blogs.diariovasco.com\/eljukebox\/wp-json\/wp\/v2\/posts"}],"about":[{"href":"https:\/\/blogs.diariovasco.com\/eljukebox\/wp-json\/wp\/v2\/types\/post"}],"author":[{"embeddable":true,"href":"https:\/\/blogs.diariovasco.com\/eljukebox\/wp-json\/wp\/v2\/users\/37"}],"replies":[{"embeddable":true,"href":"https:\/\/blogs.diariovasco.com\/eljukebox\/wp-json\/wp\/v2\/comments?post=1325"}],"version-history":[{"count":0,"href":"https:\/\/blogs.diariovasco.com\/eljukebox\/wp-json\/wp\/v2\/posts\/1325\/revisions"}],"wp:attachment":[{"href":"https:\/\/blogs.diariovasco.com\/eljukebox\/wp-json\/wp\/v2\/media?parent=1325"}],"wp:term":[{"taxonomy":"category","embeddable":true,"href":"https:\/\/blogs.diariovasco.com\/eljukebox\/wp-json\/wp\/v2\/categories?post=1325"},{"taxonomy":"post_tag","embeddable":true,"href":"https:\/\/blogs.diariovasco.com\/eljukebox\/wp-json\/wp\/v2\/tags?post=1325"}],"curies":[{"name":"wp","href":"https:\/\/api.w.org\/{rel}","templated":true}]}}