{"id":1327,"date":"2010-12-17T09:53:31","date_gmt":"2010-12-17T09:53:31","guid":{"rendered":"http:\/\/blogs.diariovasco.com\/eljukebox\/?p=1327"},"modified":"2010-12-17T09:53:31","modified_gmt":"2010-12-17T09:53:31","slug":"pacto_de_toledo_para_cuando_estemos_pa_t","status":"publish","type":"post","link":"https:\/\/blogs.diariovasco.com\/eljukebox\/2010\/12\/17\/pacto_de_toledo_para_cuando_estemos_pa_t\/","title":{"rendered":"Pacto de Toledo para cuando estemos pa&#039;Tudela"},"content":{"rendered":"<p>Si el Gobierno decretara laborables todos los s\u00e1bados y domingos para los trabajadores de m\u00e1s de cincuenta a\u00f1os se montar\u00eda una revuelta social. Por eso, mantiene en agenda su versi\u00f3n paulatina e indolora: el retraso de la jubilaci\u00f3n de los 65 a los 67 a\u00f1os. <\/p>\n<p>Por ahora, no termina de encontrar apoyos ya que el PP es m\u00e1s partidario de retrasar el retraso de la jubilaci\u00f3n hasta que se haya consumado su victoria electoral, algo que Rajoy puede dilatar en el tiempo hasta m\u00e1s all\u00e1 de la aparici\u00f3n de los &#8216;brotes verdes&#8217;. <\/p>\n<p>La medida no se apoya en razonamientos, sino que los combate. As\u00ed, justificar la jubilaci\u00f3n a los 67 a\u00f1os en raz\u00f3n del aumento de la esperanza de vida supone su propia negaci\u00f3n, dado que el trabajo siempre mata, aunque a veces lo haga lentamente. <\/p>\n<p>Dos a\u00f1os m\u00e1s de vida laboral se traducir\u00e1n, no en dos a\u00f1os menos de jubilaci\u00f3n, sino en al menos uno menos de vida. Alguien estar\u00e1 calculando en estos momentos cu\u00e1nto ahorro supondra esta variable demogr\u00e1fica en materia de pensiones. Bien mirado, el sistema siempre funciona, mejor cuanto m\u00e1s parece que falla. Quiz\u00e1shabr\u00eda que ir pensando en la posibilidad de que la empresa negocie<br \/>\nel convenio colectivo con el desfibrilador, leg\u00edtimo representante de<br \/>\ntodos los trabajadores. <\/p>\n<p>En cualquier caso, los mercados han hablado y s\u00f3lo queda asentir y cumplir sus designios. La crisis no ha dinamitado la burbuja inmobiliaria, sino la laboral. El trabajo pierde valor a ojos vista, de forma que siempre har\u00e1 falta m\u00e1s a cambio demenos. Devaluaci\u00f3n, dicen que se llama.<\/p>\n<p>Tampoco hay por qu\u00e9 enga\u00f1arse: el trabajador es una molestia at\u00e1vica que entorpece el empredizaje porque siempre habr\u00e1 otro en condiciones de realizar la misma tarea a cambio de menos, en una espiral que tiende al infinito. Apl\u00edquese esta l\u00f3gica implacable a las plantillas en el \u00e1mbito de la empresas y a nuestro servicio dom\u00e9stico, en el del hogar.<\/p>\n<p>Por mi parte, acojo la noticia con alborozo porque siempre he mantenido viva la llama de cubrir profesionalmente la inauguraci\u00f3n de nuestras mejores infraestructuras culturales. Ahora, mis posibilidades de ver cumplido mi sue\u00f1o aumentan. <\/p>\n<p>En cuanto al blog, la intenci\u00f3n es mantenerlo activo m\u00e1s all\u00e1 de los 67 a\u00f1os, aunque si el lector detecta que empiezo a poner enlaces y v\u00eddeos, le rogar\u00eda que avisara a Urgencias, no vaya a ser que haya perdido la cabeza y me est\u00e9 volviendo cuerdo de remate. <\/p>\n<!-- AddThis Advanced Settings generic via filter on the_content --><!-- AddThis Share Buttons generic via filter on the_content -->","protected":false},"excerpt":{"rendered":"<p>Si el Gobierno decretara laborables todos los s\u00e1bados y domingos para los trabajadores de m\u00e1s de cincuenta a\u00f1os se montar\u00eda una revuelta social. Por eso, mantiene en agenda su versi\u00f3n paulatina e indolora: el retraso de la jubilaci\u00f3n de los 65 a los 67 a\u00f1os. Por ahora, no termina de encontrar apoyos ya que el [&hellip;]<!-- AddThis Advanced Settings generic via filter on get_the_excerpt --><!-- AddThis Share Buttons generic via filter on get_the_excerpt --><\/p>\n","protected":false},"author":37,"featured_media":0,"comment_status":"open","ping_status":"closed","sticky":false,"template":"","format":"standard","meta":[],"categories":[2],"tags":[5],"_links":{"self":[{"href":"https:\/\/blogs.diariovasco.com\/eljukebox\/wp-json\/wp\/v2\/posts\/1327"}],"collection":[{"href":"https:\/\/blogs.diariovasco.com\/eljukebox\/wp-json\/wp\/v2\/posts"}],"about":[{"href":"https:\/\/blogs.diariovasco.com\/eljukebox\/wp-json\/wp\/v2\/types\/post"}],"author":[{"embeddable":true,"href":"https:\/\/blogs.diariovasco.com\/eljukebox\/wp-json\/wp\/v2\/users\/37"}],"replies":[{"embeddable":true,"href":"https:\/\/blogs.diariovasco.com\/eljukebox\/wp-json\/wp\/v2\/comments?post=1327"}],"version-history":[{"count":0,"href":"https:\/\/blogs.diariovasco.com\/eljukebox\/wp-json\/wp\/v2\/posts\/1327\/revisions"}],"wp:attachment":[{"href":"https:\/\/blogs.diariovasco.com\/eljukebox\/wp-json\/wp\/v2\/media?parent=1327"}],"wp:term":[{"taxonomy":"category","embeddable":true,"href":"https:\/\/blogs.diariovasco.com\/eljukebox\/wp-json\/wp\/v2\/categories?post=1327"},{"taxonomy":"post_tag","embeddable":true,"href":"https:\/\/blogs.diariovasco.com\/eljukebox\/wp-json\/wp\/v2\/tags?post=1327"}],"curies":[{"name":"wp","href":"https:\/\/api.w.org\/{rel}","templated":true}]}}