{"id":1330,"date":"2010-12-20T09:04:18","date_gmt":"2010-12-20T09:04:18","guid":{"rendered":"http:\/\/blogs.diariovasco.com\/eljukebox\/?p=1330"},"modified":"2010-12-20T09:04:18","modified_gmt":"2010-12-20T09:04:18","slug":"memoria_de_aquellas_navidades_sin_comuni","status":"publish","type":"post","link":"https:\/\/blogs.diariovasco.com\/eljukebox\/2010\/12\/20\/memoria_de_aquellas_navidades_sin_comuni\/","title":{"rendered":"Memoria de aquellas Navidades sin comunicado"},"content":{"rendered":"<p><P>&#8220;Era Navidad, las condiciones objetivas estaban maduras, se hab\u00edan dado numerosos pasos en el sentido correcto y mediadores surafricanos de todas las partes del mundo anunciaban un comunicado inminente. Sin embargo, \u00e9ste nunca lleg\u00f3.<\/P><br \/>\n<P>Tiempo despu\u00e9s, la filtraci\u00f3n de&nbsp;lo que para algunos eran unos cables&nbsp;y para otros, unos simples hilos, permiti\u00f3 reconstruir la sucesi\u00f3n de acontecimientos y contrariedades que dieron al traste con tantas expectativas y que dejaron como \u00fanico legado en&nbsp;un par de generaciones de ni\u00f1os vascos el convencimiento de que todo es un enga\u00f1o y de que, en realidad, &#8216;ETA son los padres&#8217;.&nbsp;<\/P><br \/>\n<P>Dado que el destinatario del comunicado era &#8216;The New York Times&#8217; -otro medio escrito con una cuenta de resultados calamitosa al cierre de 2010-, la Organizaci\u00f3n decidi\u00f3 en este caso prescindir del habitual v\u00eddeo para cuya grabaci\u00f3n, por otra parte,&nbsp;tampoco hab\u00eda capuchas disponibles en ese momento, y se opt\u00f3&nbsp;por un regreso a las ra\u00edces fundacionales: el documento escrito.<\/P><br \/>\n<P>El caso es que el comunicado lleg\u00f3 a estar redactado en Word&nbsp;-como lo demuestra el hecho de que estuviera trufado de &#8216;donositas&#8217;-, pero&nbsp;un error de sistema&nbsp;impidi\u00f3 su env\u00edo. Evacuadas discretamente las pertinentes consultas con el aparato inform\u00e1tico -en su mayor parte, encriptado en prisi\u00f3n-, y tras comprobar que el &#8216;apaga y enciende&#8217; no solucionaba el problema, se pas\u00f3 al plan B: el env\u00edo por fax del hist\u00f3rico documento.&nbsp;Sin embargo, el descubrimiento de que el aparato log\u00edstico hab\u00eda olvidado cambiar el t\u00f3ner antes de su &#8216;ca\u00edda&#8217; frustr\u00f3 la audaz estratagema.<\/P><br \/>\n<P>Mientras tanto, al otro lado de la muga,&nbsp;el Gobierno apremiaba. &#8220;O bombas o b\u00f3tox&#8221;, era el mensaje repetido una y otra vez,&nbsp;con una dicci\u00f3n m\u00e1s que discutible, por parte del ministro del&nbsp;ramo, que animaba a los &#8216;ilegalizados&#8217; a seguir los ejemplos de Carmen Lomana y Aralar, si pretend\u00edan estar, bien en los comicios municipales, bien en &#8216;Mira quien baila&#8217;&nbsp;.<\/P><br \/>\n<P>En esa tesitura confusa de murmullos y habladur\u00edas en baja voz, en la que cada rumor solapaba&nbsp;el anterior, la izquierda abertzale ilegalizada decidi\u00f3 que no hab\u00eda margen para m\u00e1s&nbsp;demora y&nbsp;opt\u00f3 por pasar de las palabras a los hechos.<\/P><br \/>\n<P>Por eso, agotada la paciencia y traspasado el umbral de la&nbsp; ansiedad,&nbsp;los dirigentes&nbsp;de la formaci\u00f3n ilegalizada, acompa\u00f1ados de trescientas personalidades de todos los \u00e1mbitos de la sociedad vasca, dieron una rueda de prensa en un conocido hotel donostiarra y a continuaci\u00f3n, se dirigieron con paso firme y como un s\u00f3lo hombre hasta un piso franco de las&nbsp;inmediaciones, en donce procedieron a la desarticulaci\u00f3n de un comando. <\/P><br \/>\n<P>Con tan mala fortuna, que a la salida se encontraron con un operativo policial que procedi\u00f3 a la detenci\u00f3n de todos ellos, incaut\u00e1ndoseles abundante armamento, material para la fabricaci\u00f3n de explosivos y varias entradas falsificadas para ver a Lady Gaga.<\/P><br \/>\n<P>Al d\u00eda siguiente, los titulares de la prensa fueron tan&nbsp;un\u00e1nimes como concluyentes: &#8216;La izquierda abertzale aprovech\u00f3 la tregua&nbsp;de ETA para rearmarse a su costa&#8217;. Las esperanzas se desinflaron, los mediadores surafricanos regresaron a Suecia y&nbsp;a los pocos d\u00edas, la agenda del Gobierno ya hab\u00eda cambiado. <\/P><br \/>\n<P>La actualidad ven\u00eda marcada por la lucha del estado de derecho contra la banda de los controladores a\u00e9reos, cuyo presunto &#8216;n\u00famero uno&#8217; era buscado intensamente por la Polic\u00eda&nbsp;en una operaci\u00f3n&nbsp;que se inici\u00f3 con el &#8216;peinado&#8217; de todas las peluquer\u00edas de Madrid y concluy\u00f3, sin \u00e9xito, con el registro de varios solariums de la capital.&nbsp;<\/P><br \/>\n<P>Y \u00e9sta es, a grandes rasgos, la historia de c\u00f3mo se frustraron tantas esperanzas acumuladas. En las siguientes elecciones, la Organizaci\u00f3n concurri\u00f3 a los comicios como una formaci\u00f3n ya legalizada tras acatar en sus estatutos la ley de partidos, mientras que desde la clandestinidad, la izquierda abertzale anunciaba nuevos pasos en firme en lo que supondr\u00eda una apuesta sin vuelta atr\u00e1s por los cauces exclusivamente democr\u00e1ticos. Si hubo respuesta por parte de alguien, lo cierto es que nada trascendi\u00f3 sobre su contenido&#8221;.<\/P><\/p>\n<!-- AddThis Advanced Settings generic via filter on the_content --><!-- AddThis Share Buttons generic via filter on the_content -->","protected":false},"excerpt":{"rendered":"<p>&#8220;Era Navidad, las condiciones objetivas estaban maduras, se hab\u00edan dado numerosos pasos en el sentido correcto y mediadores surafricanos de todas las partes del mundo anunciaban un comunicado inminente. Sin embargo, \u00e9ste nunca lleg\u00f3. Tiempo despu\u00e9s, la filtraci\u00f3n de&nbsp;lo que para algunos eran unos cables&nbsp;y para otros, unos simples hilos, permiti\u00f3 reconstruir la sucesi\u00f3n de [&hellip;]<!-- AddThis Advanced Settings generic via filter on get_the_excerpt --><!-- AddThis Share Buttons generic via filter on get_the_excerpt --><\/p>\n","protected":false},"author":37,"featured_media":0,"comment_status":"open","ping_status":"closed","sticky":false,"template":"","format":"standard","meta":[],"categories":[2],"tags":[5],"_links":{"self":[{"href":"https:\/\/blogs.diariovasco.com\/eljukebox\/wp-json\/wp\/v2\/posts\/1330"}],"collection":[{"href":"https:\/\/blogs.diariovasco.com\/eljukebox\/wp-json\/wp\/v2\/posts"}],"about":[{"href":"https:\/\/blogs.diariovasco.com\/eljukebox\/wp-json\/wp\/v2\/types\/post"}],"author":[{"embeddable":true,"href":"https:\/\/blogs.diariovasco.com\/eljukebox\/wp-json\/wp\/v2\/users\/37"}],"replies":[{"embeddable":true,"href":"https:\/\/blogs.diariovasco.com\/eljukebox\/wp-json\/wp\/v2\/comments?post=1330"}],"version-history":[{"count":0,"href":"https:\/\/blogs.diariovasco.com\/eljukebox\/wp-json\/wp\/v2\/posts\/1330\/revisions"}],"wp:attachment":[{"href":"https:\/\/blogs.diariovasco.com\/eljukebox\/wp-json\/wp\/v2\/media?parent=1330"}],"wp:term":[{"taxonomy":"category","embeddable":true,"href":"https:\/\/blogs.diariovasco.com\/eljukebox\/wp-json\/wp\/v2\/categories?post=1330"},{"taxonomy":"post_tag","embeddable":true,"href":"https:\/\/blogs.diariovasco.com\/eljukebox\/wp-json\/wp\/v2\/tags?post=1330"}],"curies":[{"name":"wp","href":"https:\/\/api.w.org\/{rel}","templated":true}]}}