{"id":1331,"date":"2010-12-21T08:58:15","date_gmt":"2010-12-21T08:58:15","guid":{"rendered":"http:\/\/blogs.diariovasco.com\/eljukebox\/?p=1331"},"modified":"2010-12-21T08:58:15","modified_gmt":"2010-12-21T08:58:15","slug":"panfleto_anti_descargas_sin_el_nihil_obs","status":"publish","type":"post","link":"https:\/\/blogs.diariovasco.com\/eljukebox\/2010\/12\/21\/panfleto_anti_descargas_sin_el_nihil_obs\/","title":{"rendered":"Panfleto anti-descargas sin el &#039;nihil obstat&#039;"},"content":{"rendered":"<p><P>Si la propiedad es un robo, a la de los medios de producci\u00f3n, se suma ahora la de los medios de sustracci\u00f3n y censura. El padecimiento es doble porque los sue\u00f1os de igualdad y justicia han degenerado tanto que ya s\u00f3lo aspir\u00e1bamos a que los ladrones fueran gente honrada.<\/P><br \/>\n<P>Sin embargo, no ha habido suerte y a la costumbre de llevarse los contenidos de la red sin abonar un euro a quienes los crearon, se ha sumado ahora la insoportable tendencia a vestir tal actividad con los ropajes de una prosopopeya infumable trufada de jeremiadas. <\/P><br \/>\n<P>Y si hace un a\u00f1o era &#8220;el derecho inalienable al libre acceso al saber y el conocimiento universales&#8221;, ahora se invoca el &#8220;derecho a la libertad de expresi\u00f3n&#8221;, todo esto,&nbsp;en el mismo&nbsp;pa\u00eds europeo en el que se han cerrado peri\u00f3dicos sin mediar sentencia firme, entre la indiferencia genral, cuando no entre&nbsp;aplausos y v\u00edtores populares.<\/P><br \/>\n<P>Y como todo acto de despojamiento requiere su coacci\u00f3n, he aqu\u00ed la aparici\u00f3n de Anonymous, una exravagante especie de falanges cibern\u00e9ticas dispuestas a&nbsp;patrullar por la red en busca de d\u00edscolos a los que castigar. Y como en estas cosas, una vez que se empiezan, ya no se sabe cu\u00e1ndo parar,&nbsp;ayer les toc\u00f3 a&nbsp;las p\u00e1ginas de los bancos,&nbsp;hoy, las de algunos partidos, ma\u00f1ana, a &nbsp;la tuya y la m\u00eda, si se me permite el ataque de egolatr\u00eda. <\/P><br \/>\n<P>La cibercensura, adem\u00e1s, se amolda a la perfecci\u00f3n a los nuevos usos y costumbres&nbsp;en materia de&nbsp;protesta, por cuanto te permite ejercerla desde el sof\u00e1, de forma an\u00f3nima, a trav\u00e9s de una pantalla y sin necesidad de pisar la calle, otro sue\u00f1o hecho realidad en un pa\u00eds en el que la pataleta ha sido hist\u00f3ricamente el suced\u00e1neo&nbsp;de la revuelta.<\/P><br \/>\n<P>Coherentes con su filosof\u00eda de rapi\u00f1ar aqu\u00ed y all\u00e1, los Anonymous valencianos&nbsp;ni siquiera han ca\u00edda en la incongruencia de la originalidad a la hora de tapar sus rostros, sino que se han descargado las caretas que otros crearon para &#8216;V de Vendetta&#8217;. Una prueba m\u00e1s de su megaloman\u00eda. A la luz de su adormecedor discurso, mucho m\u00e1s apropiada hubiera resultado la careta de Asuranceturix, el insufrible bardo de la aldea gala.<\/P><br \/>\n<P>Por lo dem\u00e1s, que nadie se enga\u00f1e: en un mundo en el que el neoliberalismo triunfante ha conseguido que todo activo econ\u00f3mico sea depositado en infraestructuras, informaci\u00f3n, solares, equipamiento tecnol\u00f3gico y carteras de clientes, la descarga ilegal de contenidos gratuitos en internet es s\u00f3lo un paso m\u00e1s en la incensante tarea de eviscerar de cualquier tipo de valor al factor trabajo, esa antigualla.<\/P><br \/>\n<P>De hecho, la pr\u00e1ctica de las descargas ilegales constituye el sue\u00f1o del sistema hecho realidad por cuanto se basa en invertir en medios, tecnolog\u00eda y soportes -incluido el abominable canon digital-, ahorrando en mano de obra hasta alcanzar la sublimaci\u00f3n de la m\u00e1xima reivindicaci\u00f3n capitalista: el coste cero.<\/P><br \/>\n<P>*Como se dec\u00eda antiguamente de los panfletos ilegales, lee y difunde con rapidez. Nunca se sabe qu\u00e9 p\u00e1gina es susceptible de merecer un arbitrario&nbsp;ciberataque. Este blog nunca pedir\u00e1 el &#8216;nihil obstat&#8217; a los antidisturbios de la red. Aceptar\u00e9 mi castigo si lo borran. En atenci\u00f3n al buen gusto de los lectores, s\u00f3lo espero que no lo sustituyan por uno de sus comunicados.<\/P><\/p>\n<!-- AddThis Advanced Settings generic via filter on the_content --><!-- AddThis Share Buttons generic via filter on the_content -->","protected":false},"excerpt":{"rendered":"<p>Si la propiedad es un robo, a la de los medios de producci\u00f3n, se suma ahora la de los medios de sustracci\u00f3n y censura. El padecimiento es doble porque los sue\u00f1os de igualdad y justicia han degenerado tanto que ya s\u00f3lo aspir\u00e1bamos a que los ladrones fueran gente honrada. Sin embargo, no ha habido suerte [&hellip;]<!-- AddThis Advanced Settings generic via filter on get_the_excerpt --><!-- AddThis Share Buttons generic via filter on get_the_excerpt --><\/p>\n","protected":false},"author":37,"featured_media":0,"comment_status":"open","ping_status":"closed","sticky":false,"template":"","format":"standard","meta":[],"categories":[2],"tags":[5],"_links":{"self":[{"href":"https:\/\/blogs.diariovasco.com\/eljukebox\/wp-json\/wp\/v2\/posts\/1331"}],"collection":[{"href":"https:\/\/blogs.diariovasco.com\/eljukebox\/wp-json\/wp\/v2\/posts"}],"about":[{"href":"https:\/\/blogs.diariovasco.com\/eljukebox\/wp-json\/wp\/v2\/types\/post"}],"author":[{"embeddable":true,"href":"https:\/\/blogs.diariovasco.com\/eljukebox\/wp-json\/wp\/v2\/users\/37"}],"replies":[{"embeddable":true,"href":"https:\/\/blogs.diariovasco.com\/eljukebox\/wp-json\/wp\/v2\/comments?post=1331"}],"version-history":[{"count":0,"href":"https:\/\/blogs.diariovasco.com\/eljukebox\/wp-json\/wp\/v2\/posts\/1331\/revisions"}],"wp:attachment":[{"href":"https:\/\/blogs.diariovasco.com\/eljukebox\/wp-json\/wp\/v2\/media?parent=1331"}],"wp:term":[{"taxonomy":"category","embeddable":true,"href":"https:\/\/blogs.diariovasco.com\/eljukebox\/wp-json\/wp\/v2\/categories?post=1331"},{"taxonomy":"post_tag","embeddable":true,"href":"https:\/\/blogs.diariovasco.com\/eljukebox\/wp-json\/wp\/v2\/tags?post=1331"}],"curies":[{"name":"wp","href":"https:\/\/api.w.org\/{rel}","templated":true}]}}