{"id":1332,"date":"2010-12-22T09:52:22","date_gmt":"2010-12-22T09:52:22","guid":{"rendered":"http:\/\/blogs.diariovasco.com\/eljukebox\/?p=1332"},"modified":"2010-12-22T09:52:22","modified_gmt":"2010-12-22T09:52:22","slug":"felipe_gonzalez_recrea_a_su_vida_a_lo_ta","status":"publish","type":"post","link":"https:\/\/blogs.diariovasco.com\/eljukebox\/2010\/12\/22\/felipe_gonzalez_recrea_a_su_vida_a_lo_ta\/","title":{"rendered":"Felipe Gonz\u00e1lez recrea su vida a lo Tarantino"},"content":{"rendered":"<p>Siguiendo la doctrina cat\u00f3lica que, en caso de partos complicados, dicta<br \/>\nsalvar al beb\u00e9 a\u00fan a costa de la vida de la madre, un d\u00eda de su vida<br \/>\na\u00fan por determinar Felipe Gonz\u00e1lez opt\u00f3 por dejar morir al clandestino&#8217;<br \/>\nIsidoro&#8217; para que que pudiera alumbrar al estadista &#8216;se\u00f1or X&#8217;. Y si en<br \/>\nsu descargo alega que nunca fue el segundo, habr\u00e1 que replicar que<br \/>\nprobablemente tampoco el primero.<\/p>\n<p>Hay quien trabaja con sus recuerdos hasta hornear &#8216;En busca del tiempo perdido&#8217; y hay quien husmea en sus memorias hasta convertirlas en una sucesi\u00f3n amnesias. Gonz\u00e1lez se encuentra inmerso en estos momentos en este segundo proceso, mientras pone cerco a las decisiones, no que a las que tom\u00f3, sino a las que no adopt\u00f3.<\/p>\n<p>Subido en su gran vanidad de diecis\u00e9is cilindros y cierre centralizado, el ex presidente del Gobierno da vueltas en c\u00edrculos cual tibur\u00f3n en torno a los hechos hist\u00f3ricos, pero ni se decide a rozarlos, ni termina de lanzarse en picado sobre ellos. <\/p>\n<p>Ya estamos acostumbrados a que los pol\u00edticos nos cuenten pel\u00edculas, algunos de Bergman, otros de Ozores, pero Gonz\u00e1lez se ha decantado por Quentin Tarantino, autor de una filmograf\u00eda de digesti\u00f3n m\u00e1s bien pesada. Y al igual que el autor de &#8216;Malditos Bastardos&#8217;, el socialista espa\u00f1ol m\u00e1s importante del siglo XX va y nos dice que s\u00ed, que el tambi\u00e9n hubiera ordenado asesinar a Hitler en Par\u00eds.<\/p>\n<p>Primero reconoci\u00f3 en &#8216;El Pa\u00eds&#8217; que tuvo la oportunidad de matar pero no<br \/>\nlo hizo.&nbsp; Apenas un mes m\u00e1s tarde, ha descendido un pelda\u00f1o para<br \/>\ndeclarar en &#8216;Vanity Fair&#8217; que hubiera ordenado matar pero no tuvo la<br \/>\noportunidad. Quiz\u00e1s haya que esperar a que conceda una entrevista a &#8216;La<br \/>\nFarola&#8217; para que admita que, en efecto, tuvo la oportunidad y la<br \/>\naprovech\u00f3.<\/p>\n<!-- AddThis Advanced Settings generic via filter on the_content --><!-- AddThis Share Buttons generic via filter on the_content -->","protected":false},"excerpt":{"rendered":"<p>Siguiendo la doctrina cat\u00f3lica que, en caso de partos complicados, dicta salvar al beb\u00e9 a\u00fan a costa de la vida de la madre, un d\u00eda de su vida a\u00fan por determinar Felipe Gonz\u00e1lez opt\u00f3 por dejar morir al clandestino&#8217; Isidoro&#8217; para que que pudiera alumbrar al estadista &#8216;se\u00f1or X&#8217;. Y si en su descargo alega [&hellip;]<!-- AddThis Advanced Settings generic via filter on get_the_excerpt --><!-- AddThis Share Buttons generic via filter on get_the_excerpt --><\/p>\n","protected":false},"author":37,"featured_media":0,"comment_status":"open","ping_status":"closed","sticky":false,"template":"","format":"standard","meta":[],"categories":[2],"tags":[5],"_links":{"self":[{"href":"https:\/\/blogs.diariovasco.com\/eljukebox\/wp-json\/wp\/v2\/posts\/1332"}],"collection":[{"href":"https:\/\/blogs.diariovasco.com\/eljukebox\/wp-json\/wp\/v2\/posts"}],"about":[{"href":"https:\/\/blogs.diariovasco.com\/eljukebox\/wp-json\/wp\/v2\/types\/post"}],"author":[{"embeddable":true,"href":"https:\/\/blogs.diariovasco.com\/eljukebox\/wp-json\/wp\/v2\/users\/37"}],"replies":[{"embeddable":true,"href":"https:\/\/blogs.diariovasco.com\/eljukebox\/wp-json\/wp\/v2\/comments?post=1332"}],"version-history":[{"count":0,"href":"https:\/\/blogs.diariovasco.com\/eljukebox\/wp-json\/wp\/v2\/posts\/1332\/revisions"}],"wp:attachment":[{"href":"https:\/\/blogs.diariovasco.com\/eljukebox\/wp-json\/wp\/v2\/media?parent=1332"}],"wp:term":[{"taxonomy":"category","embeddable":true,"href":"https:\/\/blogs.diariovasco.com\/eljukebox\/wp-json\/wp\/v2\/categories?post=1332"},{"taxonomy":"post_tag","embeddable":true,"href":"https:\/\/blogs.diariovasco.com\/eljukebox\/wp-json\/wp\/v2\/tags?post=1332"}],"curies":[{"name":"wp","href":"https:\/\/api.w.org\/{rel}","templated":true}]}}