{"id":1334,"date":"2010-12-25T11:06:06","date_gmt":"2010-12-25T11:06:06","guid":{"rendered":"http:\/\/blogs.diariovasco.com\/eljukebox\/?p=1334"},"modified":"2010-12-25T11:06:06","modified_gmt":"2010-12-25T11:06:06","slug":"afonia_y_desafinacion_para_un_villancico","status":"publish","type":"post","link":"https:\/\/blogs.diariovasco.com\/eljukebox\/2010\/12\/25\/afonia_y_desafinacion_para_un_villancico\/","title":{"rendered":"Afon\u00eda y desafinaci\u00f3n para un villancico sobre periodismo"},"content":{"rendered":"<p><P>Angustiado por la posibilidad de que el hecho de que hoy no se publiquen peri\u00f3dicos prive a los lectores de su habitual raci\u00f3n de disquisiciones sobre la crisis del periodismo, aqu\u00ed van unas cuantas pegadas a la actualidad. En efecto, son d\u00edas de empacho.<\/P><br \/>\n<P>Y esa actualidad llega de la mano del cierre de CNN+ y la consiguiente retirada -seguramente, una obra de arte en forma de instalaci\u00f3n efimera- de Gabilondo. De este hombre ya est\u00e1 todo dicho -incluido el habitual pu\u00f1ado de&nbsp;inexactitudes-,&nbsp;y lo que es peor, muchas veces. Especialmente, que constituye un ejemplo profesional, una afirmaci\u00f3n tajante de cuya sinceridad cabe dudar dada la ausencia de voluntarios dispuestos a seguirlo.<\/P><br \/>\n<P>Por lo visto, el periodismo se dirige a un tipo de personas que ya van falleciendo y sin embargo, se realiza cada d\u00eda en un marem\u00e1gnum de pobres de esp\u00edritu&nbsp;que viven&nbsp;sinceramente convencidos&nbsp;de que &#8220;si una noticia es importante ya llegar\u00e1 a m\u00ed&#8221;, como&nbsp;si la informaci\u00f3n fiable fuera un sanbernardo especializado en&nbsp;localizar a los supervivientes que han quedado sepultados&nbsp;bajo&nbsp;los aludes de la&nbsp;publicidad y&nbsp;su versi\u00f3n travelo,&nbsp;la propaganda.<\/P><br \/>\n<P>Del ensimismamiento al que ha conducido esta situaci\u00f3n da cuenta el infinito n\u00famero de estudios, reportajes, art\u00edculos y reflexiones sobre la inminente desaparici\u00f3n de la prensa escrita que usted podr\u00e1 encontrar en Google a un s\u00f3lo golpe de click. <\/P><br \/>\n<P>Como usted mismo podr\u00e1 comprobar, en todos ellos los periodistas reflexionan exhaustivamente sobre s\u00ed mismos, pero no hallar\u00e1 ni una&nbsp;l\u00ednea de texto dedicada a los conductores que reparten con sus furgonetas los peri\u00f3dicos, ni sobre los trabajadores de las rotativas, otros dos oficios ligados a esta agon\u00eda, sin los cuales, todo lo escrito en los diarios no pasar\u00eda de ser una sucesi\u00f3n de mon\u00f3logos interiores. He aqu\u00ed la medida del autismo alcanzado en el mundo de la comunicaci\u00f3n y su impotencia a la hora de encontrar una historia interesante, as\u00ed la tenga delante de sus narices.<\/P><br \/>\n<P>Gabilondo se va, y con \u00e9l todos los compa\u00f1eros de su cadena, porque ya hemos alcanzado ese punto de fusi\u00f3n social en el que su admirable trabajo es incapaz de competir ni de lejos en los aud\u00edmetros con un simple golpe de pesta\u00f1as de Sara Carbonero. Y todo esto es el resultado de una ecuaci\u00f3n empresarial que se decide en las operaciones de compra-venta en Bolsa. Aqu\u00ed y ahora,&nbsp;Gabilondo no puede ser ya un mero ejemplo profesional porque se ha convertido en algo m\u00e1s:&nbsp;un escarmiento laboral.<\/P><\/p>\n<!-- AddThis Advanced Settings generic via filter on the_content --><!-- AddThis Share Buttons generic via filter on the_content -->","protected":false},"excerpt":{"rendered":"<p>Angustiado por la posibilidad de que el hecho de que hoy no se publiquen peri\u00f3dicos prive a los lectores de su habitual raci\u00f3n de disquisiciones sobre la crisis del periodismo, aqu\u00ed van unas cuantas pegadas a la actualidad. En efecto, son d\u00edas de empacho. Y esa actualidad llega de la mano del cierre de CNN+ [&hellip;]<!-- AddThis Advanced Settings generic via filter on get_the_excerpt --><!-- AddThis Share Buttons generic via filter on get_the_excerpt --><\/p>\n","protected":false},"author":37,"featured_media":0,"comment_status":"open","ping_status":"closed","sticky":false,"template":"","format":"standard","meta":[],"categories":[2],"tags":[5],"_links":{"self":[{"href":"https:\/\/blogs.diariovasco.com\/eljukebox\/wp-json\/wp\/v2\/posts\/1334"}],"collection":[{"href":"https:\/\/blogs.diariovasco.com\/eljukebox\/wp-json\/wp\/v2\/posts"}],"about":[{"href":"https:\/\/blogs.diariovasco.com\/eljukebox\/wp-json\/wp\/v2\/types\/post"}],"author":[{"embeddable":true,"href":"https:\/\/blogs.diariovasco.com\/eljukebox\/wp-json\/wp\/v2\/users\/37"}],"replies":[{"embeddable":true,"href":"https:\/\/blogs.diariovasco.com\/eljukebox\/wp-json\/wp\/v2\/comments?post=1334"}],"version-history":[{"count":0,"href":"https:\/\/blogs.diariovasco.com\/eljukebox\/wp-json\/wp\/v2\/posts\/1334\/revisions"}],"wp:attachment":[{"href":"https:\/\/blogs.diariovasco.com\/eljukebox\/wp-json\/wp\/v2\/media?parent=1334"}],"wp:term":[{"taxonomy":"category","embeddable":true,"href":"https:\/\/blogs.diariovasco.com\/eljukebox\/wp-json\/wp\/v2\/categories?post=1334"},{"taxonomy":"post_tag","embeddable":true,"href":"https:\/\/blogs.diariovasco.com\/eljukebox\/wp-json\/wp\/v2\/tags?post=1334"}],"curies":[{"name":"wp","href":"https:\/\/api.w.org\/{rel}","templated":true}]}}