{"id":1337,"date":"2010-12-29T09:29:24","date_gmt":"2010-12-29T09:29:24","guid":{"rendered":"http:\/\/blogs.diariovasco.com\/eljukebox\/?p=1337"},"modified":"2010-12-29T09:29:24","modified_gmt":"2010-12-29T09:29:24","slug":"los_internautas_seran_manana_seres_de_ca","status":"publish","type":"post","link":"https:\/\/blogs.diariovasco.com\/eljukebox\/2010\/12\/29\/los_internautas_seran_manana_seres_de_ca\/","title":{"rendered":"Los internautas ser\u00e1n ma\u00f1ana seres de carne y hueso"},"content":{"rendered":"<p><P>De todos los titulares indescifrables que nos brinda a diario la actualidad -y son unos cuantos-, ninguno tan enigm\u00e1tico como \u00e9se que reza &#8220;Alex de la Iglesia se reunir\u00e1 el jueves con los internautas&#8221;. Todas las se\u00f1ales apuntan a que nos encontramos en los albores de una nueva \u00e9poca, caracterizada por los encuentros entre interlocutores inaprensibles y representantes evanescentes, que arrojar\u00e1n siempre resultados fruct\u00edferos, aunque por lo general inenarrables.<\/P><br \/>\n<P>Hasta ayer, &#8220;los internautas&#8221; era tan s\u00f3lo otra denominaci\u00f3n de un colectivo de&nbsp;deidades&nbsp;imaginarias, cuyo uso se regulaba con enorme flexibilidad, como cuando uno&nbsp;lee &#8220;Zapatero responder\u00e1 a las presiones de los mercados&#8221;, sabiendo de antemano que \u00e9stos no existen como colectivo y que todo se resolver\u00e1 mediante la correspondiente subida de los impuestos del tabaco. Al fin y al cabo, tambi\u00e9n Al\u00e1 tiene 99 nombres.<\/P><br \/>\n<P>Vivimos tiempos en los que todas las desgracias parecen ca\u00eddas del cielo, sin que nadie se moleste en reivindicarlas en su nombre, ni en desmentir su implicaci\u00f3n. Dicho lo cual,&nbsp;he le\u00eddo la lista de asistentes al encuentro&nbsp;-incluida la de los que ya han excusado su presencia- y debo reconocer que tengo tantas posibilidades de estar representado en esa mesa como de&nbsp;detentar el derecho al sufragio en las primarias dem\u00f3cratas de Wisconsin.<\/P><br \/>\n<P>Por un lado, estar\u00e1 Alex de la Iglesia, presidente de la Academia de Cine. Por el otro, los internautas, encarnados en una delegaci\u00f3n cuyo mero enunciado asusta: Julio Alonso, fundador de Weblog Sociedad Limitada; David&nbsp;Maeztu, &#8220;abogado especializado en propiedad intelectual&#8221; (\u00bf?) y V\u00edctor Dom\u00ednguez, &#8220;presidente de la Asociaci\u00f3n de Internautas&#8221; (\u00bf?).&nbsp;<\/P><br \/>\n<P>As\u00ed de simple, he aqu\u00ed &#8220;los internautas&#8221;, en unos tiempos en los que la simple localizaci\u00f3n del presidente de la comunidad de vecinos ya resulta de por s\u00ed una tarea \u00edmproba. Si llegan a acuerdos vinculantes, ya estaremos en condiciones de certificar&nbsp;que&nbsp;la democracia 2.0 era esto. <\/P><br \/>\n<P>En semejante encuentro, costar\u00e1 decantarse por unas de las partes, dado que tengo tantas posibilidades de rodar ocho pel\u00edculas en los pr\u00f3ximos cinco a\u00f1os como de asumir como propias las posiciones de &#8220;los internautas&#8221;, trufadas de expresiones tan rimbombantes como &#8220;modelo de negocio&#8221; y &#8220;cambio de paradigma&#8221;.<\/P><br \/>\n<P>Todo lo escrito hasta hora&nbsp;no se traduce en que reste un \u00e1pice de valor a ambas partes. El de los &#8220;internautas&#8221;, por aceptar un encuentro cara a cara y, por lo tanto, contranatura respecto a su propia esencia. El del cineasta, por exponerse a una emboscada en la que una mano an\u00f3nima le aplique la eutanasia digital mediante el Ctrl + Alt + Supr. <\/P><br \/>\n<P>No obstante, la consigna es esperar a que se desarrollen los acontecimientos, siempre dentro de un esp\u00edritu optimista y hasta navide\u00f1amente positivo. Est\u00e1 m\u00e1s que comprobado que hablando no se entiende la gente, pero quiz\u00e1s clickeando acontezca el milagro.&nbsp;<\/P><\/p>\n<!-- AddThis Advanced Settings generic via filter on the_content --><!-- AddThis Share Buttons generic via filter on the_content -->","protected":false},"excerpt":{"rendered":"<p>De todos los titulares indescifrables que nos brinda a diario la actualidad -y son unos cuantos-, ninguno tan enigm\u00e1tico como \u00e9se que reza &#8220;Alex de la Iglesia se reunir\u00e1 el jueves con los internautas&#8221;. Todas las se\u00f1ales apuntan a que nos encontramos en los albores de una nueva \u00e9poca, caracterizada por los encuentros entre interlocutores [&hellip;]<!-- AddThis Advanced Settings generic via filter on get_the_excerpt --><!-- AddThis Share Buttons generic via filter on get_the_excerpt --><\/p>\n","protected":false},"author":37,"featured_media":0,"comment_status":"open","ping_status":"closed","sticky":false,"template":"","format":"standard","meta":[],"categories":[2],"tags":[5],"_links":{"self":[{"href":"https:\/\/blogs.diariovasco.com\/eljukebox\/wp-json\/wp\/v2\/posts\/1337"}],"collection":[{"href":"https:\/\/blogs.diariovasco.com\/eljukebox\/wp-json\/wp\/v2\/posts"}],"about":[{"href":"https:\/\/blogs.diariovasco.com\/eljukebox\/wp-json\/wp\/v2\/types\/post"}],"author":[{"embeddable":true,"href":"https:\/\/blogs.diariovasco.com\/eljukebox\/wp-json\/wp\/v2\/users\/37"}],"replies":[{"embeddable":true,"href":"https:\/\/blogs.diariovasco.com\/eljukebox\/wp-json\/wp\/v2\/comments?post=1337"}],"version-history":[{"count":0,"href":"https:\/\/blogs.diariovasco.com\/eljukebox\/wp-json\/wp\/v2\/posts\/1337\/revisions"}],"wp:attachment":[{"href":"https:\/\/blogs.diariovasco.com\/eljukebox\/wp-json\/wp\/v2\/media?parent=1337"}],"wp:term":[{"taxonomy":"category","embeddable":true,"href":"https:\/\/blogs.diariovasco.com\/eljukebox\/wp-json\/wp\/v2\/categories?post=1337"},{"taxonomy":"post_tag","embeddable":true,"href":"https:\/\/blogs.diariovasco.com\/eljukebox\/wp-json\/wp\/v2\/tags?post=1337"}],"curies":[{"name":"wp","href":"https:\/\/api.w.org\/{rel}","templated":true}]}}