{"id":1350,"date":"2011-01-12T10:07:49","date_gmt":"2011-01-12T10:07:49","guid":{"rendered":"http:\/\/blogs.diariovasco.com\/eljukebox\/?p=1350"},"modified":"2011-01-12T10:07:49","modified_gmt":"2011-01-12T10:07:49","slug":"tambor_de_oro_busca_tamborrero_de_cualqu","status":"publish","type":"post","link":"https:\/\/blogs.diariovasco.com\/eljukebox\/2011\/01\/12\/tambor_de_oro_busca_tamborrero_de_cualqu\/","title":{"rendered":"Tambor de Oro busca tamborrero de cualquier metal"},"content":{"rendered":"<p>Un a\u00f1o despu\u00e9s de que La Oreja de Van Gogh hiciera con la Marcha de San Sebasti\u00e1n lo mismo que Ainhoa Arteta har\u00eda luego con Nirvana -esto es, eviscerar la canci\u00f3n-, nuevas sombras negras se ciernen sobre la gran fiesta donostiarra.<\/p>\n<p>En esta ocasi\u00f3n, han sido los enemigos seculares del pueblo vasco -la Monarqu\u00eca, a trav\u00e9s de su Copa y la capital madrile\u00f1a, a trav\u00e9s de su pie armado, el Real Madrid- quienes se han conjurado para dar al traste con la celebraci\u00f3n donostiarra por excelencia.<\/p>\n<p>Al parecer, el equipo blanco juega una eliminatoria contra el Atl\u00e9tico de Madrid y Mourinho -el hombre que quiso compaginar el cargo de entrenador del Madrid con el de seleccionador de Portugal- no puede permitir que Xabi Alonso est\u00e9 recogiendo el Tambor de Oro cuando su obligaci\u00f3n profesional le exige estar en el hotel jugando a la play station. <\/p>\n<p>Y todo por jugar una competici\u00f3n absolutamente anodina que, en rigor y por empe\u00f1o, merecer\u00eda ganar cada a\u00f1o el Athletic de Bilbao y cuyo \u00fanico inter\u00e9s para el equipo de Rubalcaba radica en evitar por todos los medios que tambi\u00e9n se lo lleve el Bar\u00e7a.<\/p>\n<p>Adem\u00e1s, la concentraci\u00f3n est\u00e1 sobrevalorada. Ah\u00ed queda el inmortal ejemplo de los jugadores de la selecci\u00f3n danesa que, ante la imposibiildad de Yugoslavia de disputar la Eurocopa 1992 debido a las guerras balc\u00e1nicas, interrumpieron sus vacaciones y sus cervezas para ganar ir a Suecia y, sin mayores aspavientos, ganar el torneo.<\/p>\n<p>Dicho lo cual, hay que admitir que a d\u00eda de hoy es mucho m\u00e1s factible cambiar el santoral, construido<br \/>\nsobre un conjunto de supersticiones m\u00e1s o menos flexibles, que<br \/>\nmodificar el calendario futbol\u00edstico. sujeto a los intocables derechos<br \/>\ntelevisivos.<\/p>\n<p>Ante la cerraz\u00f3n madrile\u00f1a, ha llegado el momento de pasar de palabras a los hechos y empezar a dar pasos en firmes. Por de pronto, el Ayuntamiento donostiarra deber\u00eda impulsar una campa\u00f1a para que joxemaritarras y koxkeros inunden sus balcones con banderas de &#8216;euskal madrile\u00f1oak Euskal Herrira&#8217; y llegado el caso, enviar a la corporaci\u00f3n en pleno la noche del d\u00eda 19 al al tablado de la Plaza de la Constituci\u00f3n portando un cartel con el rostro del jugador tolosarra.<\/p>\n<p>El d\u00eda 20, Xabi Alonso tiene una cita con la historia donostiarra y otra, con la rutina madrile\u00f1a. Haciendo honor a los m\u00e9ritos profesionales que le han hecho acreedor al Tambor, escoger\u00e1 la segunda. En su lugar, podr\u00eda recoger el galard\u00f3n su hermano Mikel, que al fin y al cabo, tambi\u00e9n ha llevado el nombre de Donostia por medio mundo, bien es cierto que no con tanto \u00e9xito, pero \u00bfacaso importa?<\/p>\n<p><\/p>\n<!-- AddThis Advanced Settings generic via filter on the_content --><!-- AddThis Share Buttons generic via filter on the_content -->","protected":false},"excerpt":{"rendered":"<p>Un a\u00f1o despu\u00e9s de que La Oreja de Van Gogh hiciera con la Marcha de San Sebasti\u00e1n lo mismo que Ainhoa Arteta har\u00eda luego con Nirvana -esto es, eviscerar la canci\u00f3n-, nuevas sombras negras se ciernen sobre la gran fiesta donostiarra. En esta ocasi\u00f3n, han sido los enemigos seculares del pueblo vasco -la Monarqu\u00eca, a [&hellip;]<!-- AddThis Advanced Settings generic via filter on get_the_excerpt --><!-- AddThis Share Buttons generic via filter on get_the_excerpt --><\/p>\n","protected":false},"author":37,"featured_media":0,"comment_status":"open","ping_status":"closed","sticky":false,"template":"","format":"standard","meta":[],"categories":[2],"tags":[5],"_links":{"self":[{"href":"https:\/\/blogs.diariovasco.com\/eljukebox\/wp-json\/wp\/v2\/posts\/1350"}],"collection":[{"href":"https:\/\/blogs.diariovasco.com\/eljukebox\/wp-json\/wp\/v2\/posts"}],"about":[{"href":"https:\/\/blogs.diariovasco.com\/eljukebox\/wp-json\/wp\/v2\/types\/post"}],"author":[{"embeddable":true,"href":"https:\/\/blogs.diariovasco.com\/eljukebox\/wp-json\/wp\/v2\/users\/37"}],"replies":[{"embeddable":true,"href":"https:\/\/blogs.diariovasco.com\/eljukebox\/wp-json\/wp\/v2\/comments?post=1350"}],"version-history":[{"count":0,"href":"https:\/\/blogs.diariovasco.com\/eljukebox\/wp-json\/wp\/v2\/posts\/1350\/revisions"}],"wp:attachment":[{"href":"https:\/\/blogs.diariovasco.com\/eljukebox\/wp-json\/wp\/v2\/media?parent=1350"}],"wp:term":[{"taxonomy":"category","embeddable":true,"href":"https:\/\/blogs.diariovasco.com\/eljukebox\/wp-json\/wp\/v2\/categories?post=1350"},{"taxonomy":"post_tag","embeddable":true,"href":"https:\/\/blogs.diariovasco.com\/eljukebox\/wp-json\/wp\/v2\/tags?post=1350"}],"curies":[{"name":"wp","href":"https:\/\/api.w.org\/{rel}","templated":true}]}}