{"id":1376,"date":"2011-02-12T09:49:29","date_gmt":"2011-02-12T09:49:29","guid":{"rendered":"http:\/\/blogs.diariovasco.com\/eljukebox\/?p=1376"},"modified":"2011-02-12T09:49:29","modified_gmt":"2011-02-12T09:49:29","slug":"la_insobornable_dignidad_del_espanol_rec","status":"publish","type":"post","link":"https:\/\/blogs.diariovasco.com\/eljukebox\/2011\/02\/12\/la_insobornable_dignidad_del_espanol_rec\/","title":{"rendered":"La insobornable dignidad del espa\u00f1ol recostado"},"content":{"rendered":"<p>Anoche, mientras el pueblo egipcio festejaba la marcha de Mubarak y al hacerlo se celebraba a s\u00ed mismo, La 2 de TVE emit\u00eda un interesante debate en el que, bajo el t\u00edtulo de &#8220;\u00bfTenemos la televisi\u00f3n que nos merecemos?&#8221;, los contertulios trataron de explicar razonadamente por qu\u00e9 el espectador prefer\u00eda estar viendo en esos mismos momentos &#8216;S\u00e1lvame De Luxe&#8217; (y por extensi\u00f3n, de todo lo dem\u00e1s).<\/p>\n<p>Al t\u00e9rmino de la tertulia, ninguno de los participantes hab\u00eda conseguido formular una respuesta n\u00edtida a la pregunta planteada por el programa, pero s\u00ed quedaron meridiana e impl\u00edcitamente claras las razones que explican el fervor popular que despierta Fabra entre sus vecinos o las razones por las cuales el pueblo valenciano llevar\u00e1 a Francisco Camps en volandas hacia la reelecci\u00f3n, en un ejercicio de madurez democr\u00e1tica.<\/p>\n<p>El ciudadano espa\u00f1ol considera que ganar el Mundial constituye el m\u00e1ximo honor colectivo al que puede aspirar un pa\u00eds. Cualquier madrile\u00f1o -por poner un ejemplo- que se encontrara ayer de sopet\u00f3n con las im\u00e1genes de las celebraciones callejeras en El Cairo pensar\u00eda que Egipto ha ganado la Copa de \u00c1frica como \u00fanica explicaci\u00f3n plausible. Cada vez que alguien proclama que &#8220;&#8216;La Roja&#8217; consigui\u00f3 unir a todos los espa\u00f1oles por encima de sus diferencias&#8221; halaga al equipo y averg\u00fcenza a todos los dem\u00e1s.<\/p>\n<p>Educado desde peque\u00f1o en que &#8220;la pol\u00edtica es para quienes viven de ella&#8221; y alcanzada la edad adulta en el convencimiento de que &#8220;si no abro la tienda, \u00bfqui\u00e9n me paga a m\u00ed el d\u00eda perdido?&#8221;, el espa\u00f1ol vibra al un\u00edsono con los pueblos que se rebelan, pero incapaz de distinguir la realidad de la ficci\u00f3n, lo hace con la distancia propia de quien ve una pel\u00edcula.<\/p>\n<p>La siesta es la m\u00e1s indimidante posici\u00f3n de ataque que es capaz de adoptar y s\u00f3lo la abandona ocasionalmente para impartir&nbsp; lecciones de dignidad en el marco de lo acontecido en el Pa\u00eds Vasco en las \u00faltimas decadas. De ah\u00ed no pasa, por eso nuestros gobiernos no se sienten impelidos a adoptar cualquiera de sus decisiones con alguna precauci\u00f3n.<\/p>\n<p>La cuesti\u00f3n no es que Franco muriera en la cama, sino que el \u00f3bito pill\u00f3 al resto de los espa\u00f1oles en id\u00e9ntica postura. En defensa de los dos, cabe alegar que tanto el uno como el otro estaban agonizando, aunque es probable que s\u00f3lo uno de ellos fuera consciente.<\/p>\n<!-- AddThis Advanced Settings generic via filter on the_content --><!-- AddThis Share Buttons generic via filter on the_content -->","protected":false},"excerpt":{"rendered":"<p>Anoche, mientras el pueblo egipcio festejaba la marcha de Mubarak y al hacerlo se celebraba a s\u00ed mismo, La 2 de TVE emit\u00eda un interesante debate en el que, bajo el t\u00edtulo de &#8220;\u00bfTenemos la televisi\u00f3n que nos merecemos?&#8221;, los contertulios trataron de explicar razonadamente por qu\u00e9 el espectador prefer\u00eda estar viendo en esos mismos [&hellip;]<!-- AddThis Advanced Settings generic via filter on get_the_excerpt --><!-- AddThis Share Buttons generic via filter on get_the_excerpt --><\/p>\n","protected":false},"author":37,"featured_media":0,"comment_status":"open","ping_status":"closed","sticky":false,"template":"","format":"standard","meta":[],"categories":[2],"tags":[5],"_links":{"self":[{"href":"https:\/\/blogs.diariovasco.com\/eljukebox\/wp-json\/wp\/v2\/posts\/1376"}],"collection":[{"href":"https:\/\/blogs.diariovasco.com\/eljukebox\/wp-json\/wp\/v2\/posts"}],"about":[{"href":"https:\/\/blogs.diariovasco.com\/eljukebox\/wp-json\/wp\/v2\/types\/post"}],"author":[{"embeddable":true,"href":"https:\/\/blogs.diariovasco.com\/eljukebox\/wp-json\/wp\/v2\/users\/37"}],"replies":[{"embeddable":true,"href":"https:\/\/blogs.diariovasco.com\/eljukebox\/wp-json\/wp\/v2\/comments?post=1376"}],"version-history":[{"count":0,"href":"https:\/\/blogs.diariovasco.com\/eljukebox\/wp-json\/wp\/v2\/posts\/1376\/revisions"}],"wp:attachment":[{"href":"https:\/\/blogs.diariovasco.com\/eljukebox\/wp-json\/wp\/v2\/media?parent=1376"}],"wp:term":[{"taxonomy":"category","embeddable":true,"href":"https:\/\/blogs.diariovasco.com\/eljukebox\/wp-json\/wp\/v2\/categories?post=1376"},{"taxonomy":"post_tag","embeddable":true,"href":"https:\/\/blogs.diariovasco.com\/eljukebox\/wp-json\/wp\/v2\/tags?post=1376"}],"curies":[{"name":"wp","href":"https:\/\/api.w.org\/{rel}","templated":true}]}}