{"id":1378,"date":"2011-02-14T09:34:26","date_gmt":"2011-02-14T09:34:26","guid":{"rendered":"http:\/\/blogs.diariovasco.com\/eljukebox\/?p=1378"},"modified":"2011-02-14T09:34:26","modified_gmt":"2011-02-14T09:34:26","slug":"degoyados","status":"publish","type":"post","link":"https:\/\/blogs.diariovasco.com\/eljukebox\/2011\/02\/14\/degoyados\/","title":{"rendered":"&#039;Degoyados&#039;"},"content":{"rendered":"<p><P>1) En lo que dur\u00f3 la interminable gala de los Premios Goya, la audiencia hubiera tenido tiempo para&nbsp;ver seguidas&nbsp;&#8216;Balada triste de trompeta&#8217; y &#8216;Pa negre&#8217;&nbsp;y a\u00fan le hubiera&nbsp;quedado margen&nbsp;para hacer lo propio con los nominados a Mejor Corto de Animaci\u00f3n. La vida del futbolista es muy corta, pero la de los cineastas&nbsp;no tiene fin. Especial menci\u00f3n merece el Premio de Honor a toda una carrera, rebautizado como Premio de Horror a todo un discurso ya que, por una raz\u00f3n o por otra, siempre acaba siendo tan dilatado como la propia trayectoria galardonada.<\/P><br \/>\n<P>2) Pese al descr\u00e9dito del cine espa\u00f1ol en general y de los Premios de la Academia en particular, terminar la gala y ponerse los mejores de representantes de la comunidad internauta&nbsp;a buscar desesperadamente la cinta ganadora&nbsp;en las&nbsp;webs partidarias de una cultura libre y&nbsp;universal fue todo uno.<\/P><br \/>\n<P>3)&nbsp;\u00c1lex de la Iglesia se despidi\u00f3 del cargo se doctor\u00f3 anoche como masajista profesional, en un discurso&nbsp;en el que el inventor del concepto filos\u00f3fico &#8220;ascopena&#8221; asegur\u00f3 que &#8220;la gente no va al cine porque est\u00e1 delante de una pantalla de ordenador&#8221;, pantalla desde la que -omiti\u00f3 decir- no hubiera podido acceder a la p\u00e1gina del organismo que preside dado que hab\u00eda sido bloqueada por la nueva centuria de censores.<\/P><br \/>\n<P>4) De la Iglesia olvid\u00f3 tambi\u00e9n que entre la pantalla del ordenador y la de la sala de cine se interponen seis euros y pico que lo explican todo. Si las proyecciones en sala fueran gratis y las descargas costaran&nbsp;seis euros, &#8216;seriesyonkis&#8217; tendr\u00eda que cambiar de modelo de negocio y afrontar el cambio de paradigma. Todo se reduce a eso y el resto es prosopopeya.<\/P><br \/>\n<P>5) Del concepto en el que se tiene a s\u00ed misma la comunidad internauta, da cuenta el hecho de que tras&nbsp;reunir a 200 enmascadarados en una capital con varios millones de habitantes, la protesta fue considerada por sus convocantes un \u00e9xito incontestable. &#8220;Y a\u00fan dir\u00e1n que somos cuatro gatos&#8221;, proclamaban sacando pecho los incautos.<\/P><br \/>\n<P>6) Hablar de glamour en la gala de los Goya equivale a suministrar metadona a quien jam\u00e1s prob\u00f3 la hero\u00edna. Eso s\u00ed, el peluquero de Pilar L\u00f3pez de Ayala ha acreditado m\u00e9ritos de sobra como para llevarse de calle el Premio Pritzker de este a\u00f1o.<\/P><br \/>\n<P>7) &#8220;A mi madre, que ha venido conmigo&#8221;, &#8220;a mi padre, que estar\u00e1 en el cielo&#8221;, &#8220;a mi cu\u00f1ada, que nos acaba de dejar&#8221;,&nbsp;&#8220;a mi mujer, sin la que no soy nada&#8221;&nbsp;y&nbsp;&#8220;a mi hijo, que ilumina mis d\u00edas&#8221;. Pese a la denostaci\u00f3n que sufren los artistas del cine por parte de&nbsp;la prensa conservadora madrile\u00f1a, la entrega de los Goya es -lejos de la bohemia y la disipaci\u00f3n moral- el mayor acto de exaltaci\u00f3n de la familia que se celebra cada a\u00f1o en Espa\u00f1a, por encima de las manifestaciones provida y las visitas de Ratzinger. <\/P><\/p>\n<!-- AddThis Advanced Settings generic via filter on the_content --><!-- AddThis Share Buttons generic via filter on the_content -->","protected":false},"excerpt":{"rendered":"<p>1) En lo que dur\u00f3 la interminable gala de los Premios Goya, la audiencia hubiera tenido tiempo para&nbsp;ver seguidas&nbsp;&#8216;Balada triste de trompeta&#8217; y &#8216;Pa negre&#8217;&nbsp;y a\u00fan le hubiera&nbsp;quedado margen&nbsp;para hacer lo propio con los nominados a Mejor Corto de Animaci\u00f3n. La vida del futbolista es muy corta, pero la de los cineastas&nbsp;no tiene fin. Especial [&hellip;]<!-- AddThis Advanced Settings generic via filter on get_the_excerpt --><!-- AddThis Share Buttons generic via filter on get_the_excerpt --><\/p>\n","protected":false},"author":37,"featured_media":0,"comment_status":"open","ping_status":"closed","sticky":false,"template":"","format":"standard","meta":[],"categories":[2],"tags":[5],"_links":{"self":[{"href":"https:\/\/blogs.diariovasco.com\/eljukebox\/wp-json\/wp\/v2\/posts\/1378"}],"collection":[{"href":"https:\/\/blogs.diariovasco.com\/eljukebox\/wp-json\/wp\/v2\/posts"}],"about":[{"href":"https:\/\/blogs.diariovasco.com\/eljukebox\/wp-json\/wp\/v2\/types\/post"}],"author":[{"embeddable":true,"href":"https:\/\/blogs.diariovasco.com\/eljukebox\/wp-json\/wp\/v2\/users\/37"}],"replies":[{"embeddable":true,"href":"https:\/\/blogs.diariovasco.com\/eljukebox\/wp-json\/wp\/v2\/comments?post=1378"}],"version-history":[{"count":0,"href":"https:\/\/blogs.diariovasco.com\/eljukebox\/wp-json\/wp\/v2\/posts\/1378\/revisions"}],"wp:attachment":[{"href":"https:\/\/blogs.diariovasco.com\/eljukebox\/wp-json\/wp\/v2\/media?parent=1378"}],"wp:term":[{"taxonomy":"category","embeddable":true,"href":"https:\/\/blogs.diariovasco.com\/eljukebox\/wp-json\/wp\/v2\/categories?post=1378"},{"taxonomy":"post_tag","embeddable":true,"href":"https:\/\/blogs.diariovasco.com\/eljukebox\/wp-json\/wp\/v2\/tags?post=1378"}],"curies":[{"name":"wp","href":"https:\/\/api.w.org\/{rel}","templated":true}]}}