{"id":1379,"date":"2011-02-15T10:11:08","date_gmt":"2011-02-15T10:11:08","guid":{"rendered":"http:\/\/blogs.diariovasco.com\/eljukebox\/?p=1379"},"modified":"2011-02-15T10:11:08","modified_gmt":"2011-02-15T10:11:08","slug":"instrucciones_para_escribir_reportajes_s","status":"publish","type":"post","link":"https:\/\/blogs.diariovasco.com\/eljukebox\/2011\/02\/15\/instrucciones_para_escribir_reportajes_s\/","title":{"rendered":"Instrucciones para escribir reportajes sobre Euskadi"},"content":{"rendered":"<p>En vista de que tras una temporada fuera de la agenda, los medios de comunicaci\u00f3n estatales han vuelto su mirada sobre los acontecimientos que peri\u00f3dicamente proporciona el Pa\u00eds Vasco a la actualidad-manda, he aqu\u00ed un pu\u00f1ado de consejos que ayudar\u00e1n a cualquier periodista avezado a deformarse su propia opini\u00f3n y a ofrecer en cuatro pinceladas un retrato ajustado de la realidad, al gusto tanto de sus lectores como de sus editores:<\/p>\n<p>1) Si bien las \u00faltimas tendencia literarias caminan hacia el relato fragmentario como reflejo de las incoherencias en las que incurre la vida real, la tendencia period\u00edstica y muse\u00edstica apunta a construir narraciones cerradas, con planteamiento, nudo y desenlace, en las que todo tiene sentido. <\/p>\n<p>2) Por eso, conviene que el relato del periodista est\u00e9 trufado de expresiones como &#8220;mirada huidiza&#8221;, &#8220;silencio elocuente&#8221;, &#8220;confesiones a media voz&#8221; y &#8220;medidas de precauci\u00f3n&#8221;.&nbsp; Si todo esto no surge espont\u00e1neamente, se provoca. Ejemplo: el periodista ha quedado con su entrevistado en un bar. Llega primero, elige sitio en la mesa y a continuaci\u00f3n apunta: &#8220;Mi interlocutor se sienta de frente a la puerta, para controlar qui\u00e9n entra y qui\u00e9n sale&#8221;.<\/p>\n<p>3) Es imposible entrevistar a dos millones de vascos, lo que convierten el casting en un elemento clave del reportaje, que deber\u00e1 construirse a base de contrastes. Los personajes m\u00e1s cotizados a la hora de elaborar la informaci\u00f3n son los ex miembros de cualquier rama de ETA arrepentidos de su pasado y convertidos ahora en constitucionalistas o, al menos, transversales. De no ser posible localizar a ninguno, se puede echar mano de alg\u00fan ex consejero nacionalista que haya seguido el mismo o similar trayecto ideol\u00f3gico.<\/p>\n<p>4) Es importante trufar el texto con frases cuya matriz ser\u00eda &#8220;esto es muy peque\u00f1o y aqu\u00ed nos conocemos todos&#8221;. Para ilustrar este hecho incontestable, hay que salpicar el reportaje de datos y personajes que lo encarnen: pol\u00edticos socialistas que coincidieron en la universidad con dirigentes de ETA, amenazados cuyos primos cumplen condena por kale borroka, futbolistas con una cu\u00f1ada en busca y captura, sindicalistas cuyo padre era guardia civil, empresarios con hermanos del Grapo o incluso abertzales de familia franquista.<\/p>\n<p>5) Tambi\u00e9n ayuda al lector situarle geogr\u00e1ficamente, no tanto a base de top\u00f3nimos, sino de hechos hist\u00f3ricos. Por ejemplo, &#8220;nos encontramos a escasos cincuenta metros de donde fue asesinado&#8230;&#8221;, &#8220;hemos quedado un bar cuyo due\u00f1o&#8230;&#8221;, &#8220;&#8230;. atravesamos la misma plaza en la que hace veinte a\u00f1os&#8230;&#8221;<\/p>\n<p>6) A la hora de ilustrar el reportaje, sea fotogr\u00e1fico o televisivo, conviene desechar por vetustas aquellas recurrentes im\u00e1genes de monta\u00f1as verdes, ventanas salpicadas de lluvia, frontones grafiteados de arriba abajo y calles encharcadas. Estamos en otra \u00e9poca que requiere otra iconograf\u00eda, basada en lo chocante: pueden servir desde escolares con mochilas pasando frente a una pintada de ETA hasta retratos de presos junto a un cartel de La Oreja de Van Gogh, pasando por &#8216;parroquianos&#8217; del batzoki viendo en la pantalla de la tele a tres encapuchados.&nbsp; <\/p>\n<p>Esperando haber sido de alguna utilidad, aqu\u00ed dejo este breve manual period\u00edstico, elaborado con la vista puesta \u00fanicamente en el inter\u00e9s del lector-espectador, un se\u00f1or que -recuerden- que no desea ser informado, ni mucho menos iluminado, sino que aspira a ser reconfortado.<\/p>\n<!-- AddThis Advanced Settings generic via filter on the_content --><!-- AddThis Share Buttons generic via filter on the_content -->","protected":false},"excerpt":{"rendered":"<p>En vista de que tras una temporada fuera de la agenda, los medios de comunicaci\u00f3n estatales han vuelto su mirada sobre los acontecimientos que peri\u00f3dicamente proporciona el Pa\u00eds Vasco a la actualidad-manda, he aqu\u00ed un pu\u00f1ado de consejos que ayudar\u00e1n a cualquier periodista avezado a deformarse su propia opini\u00f3n y a ofrecer en cuatro pinceladas [&hellip;]<!-- AddThis Advanced Settings generic via filter on get_the_excerpt --><!-- AddThis Share Buttons generic via filter on get_the_excerpt --><\/p>\n","protected":false},"author":37,"featured_media":0,"comment_status":"open","ping_status":"closed","sticky":false,"template":"","format":"standard","meta":[],"categories":[2],"tags":[5],"_links":{"self":[{"href":"https:\/\/blogs.diariovasco.com\/eljukebox\/wp-json\/wp\/v2\/posts\/1379"}],"collection":[{"href":"https:\/\/blogs.diariovasco.com\/eljukebox\/wp-json\/wp\/v2\/posts"}],"about":[{"href":"https:\/\/blogs.diariovasco.com\/eljukebox\/wp-json\/wp\/v2\/types\/post"}],"author":[{"embeddable":true,"href":"https:\/\/blogs.diariovasco.com\/eljukebox\/wp-json\/wp\/v2\/users\/37"}],"replies":[{"embeddable":true,"href":"https:\/\/blogs.diariovasco.com\/eljukebox\/wp-json\/wp\/v2\/comments?post=1379"}],"version-history":[{"count":0,"href":"https:\/\/blogs.diariovasco.com\/eljukebox\/wp-json\/wp\/v2\/posts\/1379\/revisions"}],"wp:attachment":[{"href":"https:\/\/blogs.diariovasco.com\/eljukebox\/wp-json\/wp\/v2\/media?parent=1379"}],"wp:term":[{"taxonomy":"category","embeddable":true,"href":"https:\/\/blogs.diariovasco.com\/eljukebox\/wp-json\/wp\/v2\/categories?post=1379"},{"taxonomy":"post_tag","embeddable":true,"href":"https:\/\/blogs.diariovasco.com\/eljukebox\/wp-json\/wp\/v2\/tags?post=1379"}],"curies":[{"name":"wp","href":"https:\/\/api.w.org\/{rel}","templated":true}]}}