{"id":1383,"date":"2011-02-21T10:06:48","date_gmt":"2011-02-21T10:06:48","guid":{"rendered":"http:\/\/blogs.diariovasco.com\/eljukebox\/?p=1383"},"modified":"2011-02-21T10:06:48","modified_gmt":"2011-02-21T10:06:48","slug":"el_derecho_al_descanso_del_vecino_madrug","status":"publish","type":"post","link":"https:\/\/blogs.diariovasco.com\/eljukebox\/2011\/02\/21\/el_derecho_al_descanso_del_vecino_madrug\/","title":{"rendered":"El derecho al descanso del vecino madrugador"},"content":{"rendered":"<p>Para celebrar un concierto hacen falta al menos dos personas: un m\u00fasico y un espectador. Para suspenderlo, basta una sola, habitualmente encarnada por el vecino madrugador. Este principio se mantiene vigente a\u00fan en el caso de que los espectadores sean doscientos.<\/p>\n<p>Los sue\u00f1os de juventud no sucumben a la vista de las derivas dictadoriales de las revoluciones, ni de las ca\u00eddas de los muros de Berl\u00edn, ni de la quiebra de la socialdemocracia europea. Suele ser algo mucho m\u00e1s prosaico: cualquiera que haya participado en una reuni\u00f3n de su comunidad de vecinos sabe que la lucha por la utop\u00eda es un ejercicio perfectamente est\u00e9ril.<\/p>\n<p>Si nadie logra hacer algo por evitarlo, acabaremos viviendo en un mundo perfecto. El vecino madrugador no tiene s\u00f3lo tiene la ley de su lado, sino lo que es peor, tambi\u00e9n tiene la raz\u00f3n. Por eso, es implacable y si resulta monstruoso desde alg\u00fan punto de vista, tan s\u00f3lo lo es en cuanto a que representa otro sue\u00f1o de la raz\u00f3n hecho realidad.<\/p>\n<p>En efecto, el vecino madrugador no es m\u00e1s que la plasmaci\u00f3n evolucionada del ciudadano participativo, \u00e9se que no se limita a votar cada cuatro a\u00f1os, sino que entiende la democracia como un ejercicio continuo y cotidiano. En otras palabras: el vecino madrugador reivindica su derecho al descanso y en ese af\u00e1n, no descansa, ni da descanso. Y todo portal posee uno.<\/p>\n<p>Hasta aqu\u00ed los hechos y a partir de aqu\u00ed, las elucubraciones. Nadie podr\u00e1 demostrar que cuando se fumaba en los bares el vecino madrugador mascullaba desde la barra contra el exceso de humo, mientras que ahora que no se puede, el mentado especimen se encuentra dando vueltas en la cama, precisamente, en el dormitorio cuya ventana da al bar. <\/p>\n<p>Por otra parte, nos quedaremos con las ganas de saber si sus quejas ser\u00edan igual de persistentes ante un concierto de trikitrixa, a\u00fan a riesgo de quedar como un enemigo de la cultura vasca. Y finalmente, nunca sabremos cu\u00e1nto tiempo tardar\u00eda en bajar<br \/>\nel vecino madrugador al bar, papel y bol\u00edgrafo en mano, si el que<br \/>\nactuara esta noche fuera Bisbal, por poner un ejemplo. <\/p>\n<p>Las cosas son as\u00ed, nadie tiene la culpa, ni puede cambiarlas. El futuro pasa por asistir a conciertos en play-back, disfrutando de una buena cerveza sin alcohol y del sabor del cigarrillo electr\u00f3nico. Ya lo cantaban los Stones: &#8220;Neighbors \/ Have I got neighbors? \/ Ringing my doorbells \/ All day and all night&#8221;.<\/p>\n<!-- AddThis Advanced Settings generic via filter on the_content --><!-- AddThis Share Buttons generic via filter on the_content -->","protected":false},"excerpt":{"rendered":"<p>Para celebrar un concierto hacen falta al menos dos personas: un m\u00fasico y un espectador. Para suspenderlo, basta una sola, habitualmente encarnada por el vecino madrugador. Este principio se mantiene vigente a\u00fan en el caso de que los espectadores sean doscientos. Los sue\u00f1os de juventud no sucumben a la vista de las derivas dictadoriales de [&hellip;]<!-- AddThis Advanced Settings generic via filter on get_the_excerpt --><!-- AddThis Share Buttons generic via filter on get_the_excerpt --><\/p>\n","protected":false},"author":37,"featured_media":0,"comment_status":"open","ping_status":"closed","sticky":false,"template":"","format":"standard","meta":[],"categories":[2],"tags":[5],"_links":{"self":[{"href":"https:\/\/blogs.diariovasco.com\/eljukebox\/wp-json\/wp\/v2\/posts\/1383"}],"collection":[{"href":"https:\/\/blogs.diariovasco.com\/eljukebox\/wp-json\/wp\/v2\/posts"}],"about":[{"href":"https:\/\/blogs.diariovasco.com\/eljukebox\/wp-json\/wp\/v2\/types\/post"}],"author":[{"embeddable":true,"href":"https:\/\/blogs.diariovasco.com\/eljukebox\/wp-json\/wp\/v2\/users\/37"}],"replies":[{"embeddable":true,"href":"https:\/\/blogs.diariovasco.com\/eljukebox\/wp-json\/wp\/v2\/comments?post=1383"}],"version-history":[{"count":0,"href":"https:\/\/blogs.diariovasco.com\/eljukebox\/wp-json\/wp\/v2\/posts\/1383\/revisions"}],"wp:attachment":[{"href":"https:\/\/blogs.diariovasco.com\/eljukebox\/wp-json\/wp\/v2\/media?parent=1383"}],"wp:term":[{"taxonomy":"category","embeddable":true,"href":"https:\/\/blogs.diariovasco.com\/eljukebox\/wp-json\/wp\/v2\/categories?post=1383"},{"taxonomy":"post_tag","embeddable":true,"href":"https:\/\/blogs.diariovasco.com\/eljukebox\/wp-json\/wp\/v2\/tags?post=1383"}],"curies":[{"name":"wp","href":"https:\/\/api.w.org\/{rel}","templated":true}]}}