{"id":1384,"date":"2011-02-22T09:57:25","date_gmt":"2011-02-22T09:57:25","guid":{"rendered":"http:\/\/blogs.diariovasco.com\/eljukebox\/?p=1384"},"modified":"2011-02-22T09:57:25","modified_gmt":"2011-02-22T09:57:25","slug":"el_dia_en_el_que_todos_nos_quedamos_de_p","status":"publish","type":"post","link":"https:\/\/blogs.diariovasco.com\/eljukebox\/2011\/02\/22\/el_dia_en_el_que_todos_nos_quedamos_de_p\/","title":{"rendered":"El d\u00eda en el que todos nos quedamos de piedra"},"content":{"rendered":"<p>1) Es curioso comprobar c\u00f3mo a medida que se han sido sucediendo los aniversarios del intento de golpe de estado, el t\u00e9rmino &#8216;tejerazo&#8217; -de insoslayables connotaciones a \u00f3pera bufa- ha sido desplazado por el mucho m\u00e1s solemne de 23-F. A medida que pasa el tiempo, la farsa se vuelve m\u00e1s enjundiosa.<\/p>\n<p>2) Durante toda la semana, los medios de comunicaci\u00f3n dedicar\u00e1n m\u00e1s espacio al aniversario del golpe que el que&nbsp; dedicaron en su d\u00eda a cubrir el juicio contra sus responsables m\u00e1s visibles. En todas las informaciones, sobrevolar\u00e1 la idea de que &#8220;a\u00fan quedan cosas por saber&#8221;, \u00fanica forma de dotar de un cierto empaque a un golpe de estado mendicante que carec\u00eda hasta de apoyos en el mundo econ\u00f3mico, impaciente como estaba por ingresar en la Comunidad Europea.<\/p>\n<p>3) Si la intentona militar constituye un hito se debe, antes que nada, a que fue la primera vez en la historia de Espa\u00f1a en la que todo el pa\u00eds reaccion\u00f3 unido, sin fisuras, al margen de diferencias ideol\u00f3gicas y como un s\u00f3lo hombre, qued\u00e1ndose en casa. Y si bien es cierto que algunos se fueron a la cama, tambi\u00e9n lo es que hoy en d\u00eda todos aseguran haber pasado la noche pegados al transistor.<\/p>\n<p>4) Con la mirada puesta en Libia, cuando Trinidad Jim\u00e9nez asegura que la UE -y Espa\u00f1a con ella- sigue muy atentamente los acontecimientos en aquel pa\u00eds lo \u00fanico que est\u00e1 haciendo es emular el comportamiento contemplativo que tan buen resultado dio a los espa\u00f1oles hace treinta a\u00f1os. La transici\u00f3n espa\u00f1ola sigue siendo un ejemplo v\u00e1lido para el mundo.<\/p>\n<p>5) Con ese bagaje hist\u00f3rico, es natural la tendencia de la comunidad twittera espa\u00f1ola a exagerar el papel de las redes sociales en las revueltas norteafricanas. Privada tambi\u00e9n de la televisi\u00f3n, es una forma como otra cualquiera de explicar la ausencia de reacci\u00f3n popular ante la toma del Congreso, en donde por cierto, s\u00f3lo tres fumadores empedernidos dieron la cara. <\/p>\n<p>6) La historia no retrocede en l\u00ednea recta, como aseguran los optimistas, sino en c\u00edrculos. Tejero se inspir\u00f3 en el asalto al Palacio Nacional de Managua que Ed\u00e9n Pastora protagoniz\u00f3 tres a\u00f1os antes. Hoy en d\u00eda, ser\u00eda interesante preguntar al actual Daniel Ortega si ha sentido alguna vez la influencia del general Armada en su evoluci\u00f3n pol\u00edtica.<\/p>\n<p>7) La indignaci\u00f3n popular en Espa\u00f1a funciona bajo las mismas reglas que rigen el consumo televisivo responsable: con el mando a distancia -m\u00e1s indignaci\u00f3n cuanto m\u00e1s lejos se producen los acontecimientos- y en zapping -anteayer, T\u00fanez; ayer, Egipto; hoy, Libia; ma\u00f1ana, qui\u00e9n sabe-. Esta visi\u00f3n fragmentada y discontinua de la actualidad internacional nos impide jugar a las siete diferencias entre la celebrada junta militar que gobierna el pa\u00eds de las pir\u00e1mides y el tipo de r\u00e9gimen que se intent\u00f3 instaurar en Espa\u00f1a el 23-F.<\/p>\n<p><\/p>\n<!-- AddThis Advanced Settings generic via filter on the_content --><!-- AddThis Share Buttons generic via filter on the_content -->","protected":false},"excerpt":{"rendered":"<p>1) Es curioso comprobar c\u00f3mo a medida que se han sido sucediendo los aniversarios del intento de golpe de estado, el t\u00e9rmino &#8216;tejerazo&#8217; -de insoslayables connotaciones a \u00f3pera bufa- ha sido desplazado por el mucho m\u00e1s solemne de 23-F. A medida que pasa el tiempo, la farsa se vuelve m\u00e1s enjundiosa. 2) Durante toda la [&hellip;]<!-- AddThis Advanced Settings generic via filter on get_the_excerpt --><!-- AddThis Share Buttons generic via filter on get_the_excerpt --><\/p>\n","protected":false},"author":37,"featured_media":0,"comment_status":"open","ping_status":"closed","sticky":false,"template":"","format":"standard","meta":[],"categories":[2],"tags":[5],"_links":{"self":[{"href":"https:\/\/blogs.diariovasco.com\/eljukebox\/wp-json\/wp\/v2\/posts\/1384"}],"collection":[{"href":"https:\/\/blogs.diariovasco.com\/eljukebox\/wp-json\/wp\/v2\/posts"}],"about":[{"href":"https:\/\/blogs.diariovasco.com\/eljukebox\/wp-json\/wp\/v2\/types\/post"}],"author":[{"embeddable":true,"href":"https:\/\/blogs.diariovasco.com\/eljukebox\/wp-json\/wp\/v2\/users\/37"}],"replies":[{"embeddable":true,"href":"https:\/\/blogs.diariovasco.com\/eljukebox\/wp-json\/wp\/v2\/comments?post=1384"}],"version-history":[{"count":0,"href":"https:\/\/blogs.diariovasco.com\/eljukebox\/wp-json\/wp\/v2\/posts\/1384\/revisions"}],"wp:attachment":[{"href":"https:\/\/blogs.diariovasco.com\/eljukebox\/wp-json\/wp\/v2\/media?parent=1384"}],"wp:term":[{"taxonomy":"category","embeddable":true,"href":"https:\/\/blogs.diariovasco.com\/eljukebox\/wp-json\/wp\/v2\/categories?post=1384"},{"taxonomy":"post_tag","embeddable":true,"href":"https:\/\/blogs.diariovasco.com\/eljukebox\/wp-json\/wp\/v2\/tags?post=1384"}],"curies":[{"name":"wp","href":"https:\/\/api.w.org\/{rel}","templated":true}]}}