{"id":1394,"date":"2011-03-07T09:56:27","date_gmt":"2011-03-07T09:56:27","guid":{"rendered":"http:\/\/blogs.diariovasco.com\/eljukebox\/?p=1394"},"modified":"2011-03-07T09:56:27","modified_gmt":"2011-03-07T09:56:27","slug":"nike_se_va_de_sidreria","status":"publish","type":"post","link":"https:\/\/blogs.diariovasco.com\/eljukebox\/2011\/03\/07\/nike_se_va_de_sidreria\/","title":{"rendered":"Nike se va de sidrer\u00eda"},"content":{"rendered":"<p>La Real, ese equipo que en su primera temporada en la Divisi\u00f3n de Honor ya ha conseguido jugar casi todos los partidos en lunes, vestir\u00e1 de Nike a partir del pr\u00f3ximo 1 de julio, merced a un acuerdo que s\u00f3lo se entiende a la luz del neocapitalismo globalizador.<\/p>\n<p>Si la decisi\u00f3n de la marca estadounidense de apostar por equipos especializados en debatirse entre si hay que luchar por los puestos europeos o es preferible amarrar antes la permanencia se extiende a otros clubes, estar\u00edamos ante un ejemplo de manual a la hora de explicar en las facultades de Econ\u00f3micas c\u00f3mo explotan las burbujas econ\u00f3micas.<\/p>\n<p>En cualquier caso, hay que saludar este acuerdo entre el club blanquiazul y la marca deportiva como lo que realmente es: la uni\u00f3n de dos empresas llamadas a encontrarse en torno a&nbsp; una filosof\u00eda basada en el trabajo de cantera desde las categor\u00edas infantiles y a las que no les tiembla el pulso a la hora de recurrir a refuerzos puntuales de fuera, la una mediante fichajes puntuales, la otra mediante subcontratas masivas. <\/p>\n<p>Si en estas circunstancias no otorgan la Capitalidad Cultural Europea a una candidatura basada en la necesidad de una educaci\u00f3n en valores es que no hab\u00eda nada en este mundo capaz de lograr la designaci\u00f3n. Por otra parte, s\u00f3lo a un sinsorgo como Sabino Arana se le podr\u00eda ocurrir dise\u00f1ar una bandera tan colorida que dif\u00edcilmente admite la inclusi\u00f3n de logos comerciales.<\/p>\n<p>La Real es un equipo en edad de crecer, lo que significa que debe renovar permanentemente su vestuario. Estamos hablando de ingresos y gastos. Por otra parte, cada vez que un aficiado realista se compre una camiseta blanquiazul no deber\u00eda preguntarse qu\u00e9 manos la han fabricado, sino hasta qu\u00e9 punto su actual cuerpo es compatible con el atuendo futbol\u00edstico. Colocados en el trance de elegir entre \u00e9tica y est\u00e9tica, intentemos asegurar al menos una de las dos.<\/p>\n<!-- AddThis Advanced Settings generic via filter on the_content --><!-- AddThis Share Buttons generic via filter on the_content -->","protected":false},"excerpt":{"rendered":"<p>La Real, ese equipo que en su primera temporada en la Divisi\u00f3n de Honor ya ha conseguido jugar casi todos los partidos en lunes, vestir\u00e1 de Nike a partir del pr\u00f3ximo 1 de julio, merced a un acuerdo que s\u00f3lo se entiende a la luz del neocapitalismo globalizador. Si la decisi\u00f3n de la marca estadounidense [&hellip;]<!-- AddThis Advanced Settings generic via filter on get_the_excerpt --><!-- AddThis Share Buttons generic via filter on get_the_excerpt --><\/p>\n","protected":false},"author":37,"featured_media":0,"comment_status":"open","ping_status":"closed","sticky":false,"template":"","format":"standard","meta":[],"categories":[2],"tags":[5],"_links":{"self":[{"href":"https:\/\/blogs.diariovasco.com\/eljukebox\/wp-json\/wp\/v2\/posts\/1394"}],"collection":[{"href":"https:\/\/blogs.diariovasco.com\/eljukebox\/wp-json\/wp\/v2\/posts"}],"about":[{"href":"https:\/\/blogs.diariovasco.com\/eljukebox\/wp-json\/wp\/v2\/types\/post"}],"author":[{"embeddable":true,"href":"https:\/\/blogs.diariovasco.com\/eljukebox\/wp-json\/wp\/v2\/users\/37"}],"replies":[{"embeddable":true,"href":"https:\/\/blogs.diariovasco.com\/eljukebox\/wp-json\/wp\/v2\/comments?post=1394"}],"version-history":[{"count":0,"href":"https:\/\/blogs.diariovasco.com\/eljukebox\/wp-json\/wp\/v2\/posts\/1394\/revisions"}],"wp:attachment":[{"href":"https:\/\/blogs.diariovasco.com\/eljukebox\/wp-json\/wp\/v2\/media?parent=1394"}],"wp:term":[{"taxonomy":"category","embeddable":true,"href":"https:\/\/blogs.diariovasco.com\/eljukebox\/wp-json\/wp\/v2\/categories?post=1394"},{"taxonomy":"post_tag","embeddable":true,"href":"https:\/\/blogs.diariovasco.com\/eljukebox\/wp-json\/wp\/v2\/tags?post=1394"}],"curies":[{"name":"wp","href":"https:\/\/api.w.org\/{rel}","templated":true}]}}