{"id":1401,"date":"2011-03-15T10:07:17","date_gmt":"2011-03-15T10:07:17","guid":{"rendered":"http:\/\/blogs.diariovasco.com\/eljukebox\/?p=1401"},"modified":"2011-03-15T10:07:17","modified_gmt":"2011-03-15T10:07:17","slug":"peliculas_que_nunca_vi_hoy_torrente_4","status":"publish","type":"post","link":"https:\/\/blogs.diariovasco.com\/eljukebox\/2011\/03\/15\/peliculas_que_nunca_vi_hoy_torrente_4\/","title":{"rendered":"Pel\u00edculas que nunca vi: hoy, &#039;Torrente 4&#039;"},"content":{"rendered":"<p>Antes de acometer la disecci\u00f3n de esta obra maestra, he de hacer una confesi\u00f3n para no mancillar la relaci\u00f3n de confianza y complicidad basada en la honestidad que todo cr\u00edtico ha de mantener con el p\u00fablico lector: no he visto la segunda y la tercera entrega de la saga por razones completamente ajenas a mi voluntad, ya que en el momento de su estreno cumpl\u00eda condena en prisi\u00f3n por varios delitos de estafa en grado de tentativa y papanatismo con el agravante de reincidencia.<\/p>\n<p>No obstante, una evacuaci\u00f3n de consultas con los m\u00e1s cualificados colegas de mi gremio previa al estreno de &#8216;Torrente 4&#8217; me he permitido forjarme mi propia opini\u00f3n sobre estos dos t\u00edtulos que, al parecer, no lograron alcanzar la excelencia de la primera parte. Confieso que establecer estas diferencias constituye para m\u00ed un enigma similar al que supondr\u00eda celebrar la salida del nuevo disco de Bisbal como un regreso a las esencias que destilaba el primero.<\/p>\n<p>Y si no pude ver &#8216;Torrente 2&#8217; y &#8216;Torrente 3&#8217;, s\u00ed que asist\u00ed, en cambio, los fastos del recibimiento de &#8216;La Roja&#8217; tras el Mundial de Sur\u00e1frica, en el que milllones de parados salieron a las calles para celebrar el orgullo de ser espa\u00f1ol. Vaya una cosa por la otra.<\/p>\n<p>Aclarado lo cual, ha llegado el momento de reconocer que &#8216;Torrente 4&#8217; es un moj\u00f3n en nuestra cinematograf\u00eda patria que permanecer\u00e1 a lo largo del tiempo como una referencia insoslayable. Retrato de lo peor de Espa\u00f1a, y por lo tanto de sus esencias imperecederas, la nueva pel\u00edcula de Santiago Segura es una producci\u00f3n exigente por cuanto est\u00e1 sembrada de referencias y gui\u00f1os a los cl\u00e1sicos, no s\u00f3lo del s\u00e9ptimo arte,&nbsp; <br \/>sino de cualquier disciplina art\u00edstica.<\/p>\n<p>As\u00ed, las ventosidades del hijo de la Pantoja remiten directamente al cine del mejor Michelangelo Antonioni, al igual que resulta imposible no evocar la escena de &#8216;Mot\u00edn a bordo&#8217; en el que la Bounty cruza el Cabo de Hornos a la vista de las flatulencias de Bel\u00e9n Esteban. Es m\u00e1s: los espectadores avisados descubrir\u00e1n de inmediato que la escena de la vomitona est\u00e1 rodada bajo una iluminaci\u00f3n id\u00e9ntica a la que resplandece en algunos cuadros de Caravaggio.<\/p>\n<p>Nos encontramos, en fin, ante una pel\u00edcula espa\u00f1ola que, lejos de avergonzarse de serlo, aprovecha todas las ventajas que le concede tal condici\u00f3n. Una pel\u00edcula que, sin necesidad de recurrir una vez m\u00e1s a la Guerra Civil, nos habla de las dos Espa\u00f1as, separadas por tanto, pero unidas en el astrac\u00e1n. <\/p>\n<p>Porque, en efecto, el pa\u00eds aparece ahora dividido tan s\u00f3lo por una pantalla: dentro de ella, ceporros que cobran por serlo; fuera, en el patio de butacas, espectadores de pagan por sentirse como tales, aunque s\u00f3lo sea durante dos horas, gracias a la magia del cine. Sirva como consuelo la certeza de que nadie es capaz de ser las veinticuatro horas del d\u00eda tan idiota como cuando contempla &#8216;Torrente 4&#8217;.<\/p>\n<p>Desde el punto de vista sociol\u00f3gico, la pel\u00edcula constituye tambi\u00e9n un experimento de primer orden. Durante la proyecci\u00f3n, cre\u00ed atisbar a una butaca a un ciudadano -en la oscuridad de la sala, no sabr\u00eda decir su sexo, raza o edad- que no se ri\u00f3 en ning\u00fan momento, ni siguiera en la escena en la que Mar\u00eda Pati\u00f1o vocaliza perfectamente su eructo. <\/p>\n<p>He ah\u00ed un ejemplo de extranjero en la soledad m\u00e1s c\u00f3smica, pens\u00e9, fruto de su empecinada negativa a integrarse en nuestras sociedad y en hacer suyos nuestros valores. Y a\u00f1ad\u00ed una \u00faltima reflexi\u00f3n: &#8220;Que se joda, intelectual de los huevos&#8221;. <\/p>\n<p>FICHA T\u00c9CNICA.<br \/><b>T\u00edtulo<\/b>: Torrente 4 &#8211; Lethal Crisis<br \/>\n<b>G\u00e9nero<\/b>:Comedia<br \/>\n<b>A\u00f1o de producci\u00f3n<\/b>: 2011<br \/>\n<b>Estreno en Espa\u00f1a<\/b>: 11\/03\/2011<br \/>\n<b>Pa\u00eds<\/b>: Espa\u00f1a.<br \/><b>Gui\u00f3n y direcci\u00f3n<\/b>: Santiago Segura.<br \/>\n<b>Reparto<\/b>: Santiago Segura, Ana Obreg\u00f3n, Yon Gonz\u00e1lez, David<br \/>\nBisbal, Andr\u00e9s Pajares, Andreu Buenafuente, Fernando Esteso, Cesc<br \/>\nF\u00e0bregas, Bel\u00e9n Esteban, Mar\u00eda Pati\u00f1o.<\/p>\n<!-- AddThis Advanced Settings generic via filter on the_content --><!-- AddThis Share Buttons generic via filter on the_content -->","protected":false},"excerpt":{"rendered":"<p>Antes de acometer la disecci\u00f3n de esta obra maestra, he de hacer una confesi\u00f3n para no mancillar la relaci\u00f3n de confianza y complicidad basada en la honestidad que todo cr\u00edtico ha de mantener con el p\u00fablico lector: no he visto la segunda y la tercera entrega de la saga por razones completamente ajenas a mi [&hellip;]<!-- AddThis Advanced Settings generic via filter on get_the_excerpt --><!-- AddThis Share Buttons generic via filter on get_the_excerpt --><\/p>\n","protected":false},"author":37,"featured_media":0,"comment_status":"open","ping_status":"closed","sticky":false,"template":"","format":"standard","meta":[],"categories":[2],"tags":[5],"_links":{"self":[{"href":"https:\/\/blogs.diariovasco.com\/eljukebox\/wp-json\/wp\/v2\/posts\/1401"}],"collection":[{"href":"https:\/\/blogs.diariovasco.com\/eljukebox\/wp-json\/wp\/v2\/posts"}],"about":[{"href":"https:\/\/blogs.diariovasco.com\/eljukebox\/wp-json\/wp\/v2\/types\/post"}],"author":[{"embeddable":true,"href":"https:\/\/blogs.diariovasco.com\/eljukebox\/wp-json\/wp\/v2\/users\/37"}],"replies":[{"embeddable":true,"href":"https:\/\/blogs.diariovasco.com\/eljukebox\/wp-json\/wp\/v2\/comments?post=1401"}],"version-history":[{"count":0,"href":"https:\/\/blogs.diariovasco.com\/eljukebox\/wp-json\/wp\/v2\/posts\/1401\/revisions"}],"wp:attachment":[{"href":"https:\/\/blogs.diariovasco.com\/eljukebox\/wp-json\/wp\/v2\/media?parent=1401"}],"wp:term":[{"taxonomy":"category","embeddable":true,"href":"https:\/\/blogs.diariovasco.com\/eljukebox\/wp-json\/wp\/v2\/categories?post=1401"},{"taxonomy":"post_tag","embeddable":true,"href":"https:\/\/blogs.diariovasco.com\/eljukebox\/wp-json\/wp\/v2\/tags?post=1401"}],"curies":[{"name":"wp","href":"https:\/\/api.w.org\/{rel}","templated":true}]}}