{"id":1411,"date":"2011-03-25T12:03:13","date_gmt":"2011-03-25T12:03:13","guid":{"rendered":"http:\/\/blogs.diariovasco.com\/eljukebox\/?p=1411"},"modified":"2011-03-25T12:03:13","modified_gmt":"2011-03-25T12:03:13","slug":"primero_vinieron_a_por_los_munecos_de_ca","status":"publish","type":"post","link":"https:\/\/blogs.diariovasco.com\/eljukebox\/2011\/03\/25\/primero_vinieron_a_por_los_munecos_de_ca\/","title":{"rendered":"Primero vinieron a por los mu\u00f1ecos de cart\u00f3n&#8230;"},"content":{"rendered":"<p>En apenas unas horas, la Polic\u00eda Municipal ha resuelto el misterioso caso de la desaparici\u00f3n de los dos mu\u00f1ecos de cart\u00f3n que el candidato &#8216;popular&#8217; Ram\u00f3n G\u00f3mez Ugalde hab\u00eda instalado en una calle de Amara. El hecho de que se los hubieran llevado agentes del propio cuerpo no hace sino aumentar el reconocimiento social que merece la diligencia con la que han actuado en sus investigaciones.<\/p>\n<p>A estas horas, los dos monigotes permanecen en dependencias policiales, en r\u00e9gimen de incomunicaci\u00f3n, a pesar de lo cual, se han negado a declarar. De hecho, no han abierto la boca m\u00e1s que para repetir una y otra vez nombre, n\u00famero de placa y &#8220;vota a Ram\u00f3n G\u00f3mez&#8221;.<\/p>\n<p>La iniciativa del candidato del PP ha servido al menos para sacar a la luz una nueva restricci\u00f3n a las actividades ciudadanas en plena calle, por cuanto si el contribuyente ya no puede ni abandonar recortables en las aceras, cabe preguntarse a qu\u00e9 queda reducido su derecho a la expresi\u00f3n art\u00edstica de sus inquietudes y, en definitiva, al &#8216;happening&#8217;.<\/p>\n<p>En estos momentos de vulneraci\u00f3n de derechos fundamentales, s\u00f3lo cabe recurrir a los cl\u00e1sicos: &#8220;Primero vinieron a por los municipales, pero yo no habl\u00e9 porque era de la OTA \/ Despu\u00e9s vinieron a por los candidatos a la Alcald\u00eda y yo no habl\u00e9 porque bastante ten\u00eda con presidir la comunidad de vecinos \/ Despu\u00e9s vinieron a por los mu\u00f1ecos, pero como yo no era de cart\u00f3n no dije nada \/ Finalmente, vinieron a por m\u00ed pero afortunadamente, los agentes de pega de Ram\u00f3n G\u00f3mez me salvaron&#8221;.<\/p>\n<p><\/p>\n<!-- AddThis Advanced Settings generic via filter on the_content --><!-- AddThis Share Buttons generic via filter on the_content -->","protected":false},"excerpt":{"rendered":"<p>En apenas unas horas, la Polic\u00eda Municipal ha resuelto el misterioso caso de la desaparici\u00f3n de los dos mu\u00f1ecos de cart\u00f3n que el candidato &#8216;popular&#8217; Ram\u00f3n G\u00f3mez Ugalde hab\u00eda instalado en una calle de Amara. El hecho de que se los hubieran llevado agentes del propio cuerpo no hace sino aumentar el reconocimiento social que [&hellip;]<!-- AddThis Advanced Settings generic via filter on get_the_excerpt --><!-- AddThis Share Buttons generic via filter on get_the_excerpt --><\/p>\n","protected":false},"author":37,"featured_media":0,"comment_status":"open","ping_status":"closed","sticky":false,"template":"","format":"standard","meta":[],"categories":[2],"tags":[5],"_links":{"self":[{"href":"https:\/\/blogs.diariovasco.com\/eljukebox\/wp-json\/wp\/v2\/posts\/1411"}],"collection":[{"href":"https:\/\/blogs.diariovasco.com\/eljukebox\/wp-json\/wp\/v2\/posts"}],"about":[{"href":"https:\/\/blogs.diariovasco.com\/eljukebox\/wp-json\/wp\/v2\/types\/post"}],"author":[{"embeddable":true,"href":"https:\/\/blogs.diariovasco.com\/eljukebox\/wp-json\/wp\/v2\/users\/37"}],"replies":[{"embeddable":true,"href":"https:\/\/blogs.diariovasco.com\/eljukebox\/wp-json\/wp\/v2\/comments?post=1411"}],"version-history":[{"count":0,"href":"https:\/\/blogs.diariovasco.com\/eljukebox\/wp-json\/wp\/v2\/posts\/1411\/revisions"}],"wp:attachment":[{"href":"https:\/\/blogs.diariovasco.com\/eljukebox\/wp-json\/wp\/v2\/media?parent=1411"}],"wp:term":[{"taxonomy":"category","embeddable":true,"href":"https:\/\/blogs.diariovasco.com\/eljukebox\/wp-json\/wp\/v2\/categories?post=1411"},{"taxonomy":"post_tag","embeddable":true,"href":"https:\/\/blogs.diariovasco.com\/eljukebox\/wp-json\/wp\/v2\/tags?post=1411"}],"curies":[{"name":"wp","href":"https:\/\/api.w.org\/{rel}","templated":true}]}}