{"id":1413,"date":"2011-03-29T10:46:30","date_gmt":"2011-03-29T10:46:30","guid":{"rendered":"http:\/\/blogs.diariovasco.com\/eljukebox\/?p=1413"},"modified":"2011-03-29T10:46:30","modified_gmt":"2011-03-29T10:46:30","slug":"el_arte_de_mirar_hacia_otro_lado","status":"publish","type":"post","link":"https:\/\/blogs.diariovasco.com\/eljukebox\/2011\/03\/29\/el_arte_de_mirar_hacia_otro_lado\/","title":{"rendered":"El arte de mirar hacia otro lado"},"content":{"rendered":"<p><P>La descomunal bibliograf\u00eda que ha generado la degradaci\u00f3n moral de la sociedad vasca durante las largas d\u00e9cadas de actividad de ETA contrasta poderosamente con la autocomplacencia con la que la sociedad espa\u00f1ola contempla su actuaci\u00f3n -y la de sus leg\u00edtimos representantes democr\u00e1ticos- durante esos mismos a\u00f1os.<\/P><br \/>\n<P>Ahora, la filtraci\u00f3n de las supuestas actas que el tal &#8216;Thierry&#8217; redact\u00f3 al hilo de sus reuniones con&nbsp;los representantes gubernamentales -en cualquier caso, infinitamente m\u00e1s reveladoras y, sobre todo, m\u00e1s entretenidas con cualquier antolog\u00eda de sus comunicados- nos coloca ante una nueva entrega de cieno qu\u00edmicamente puro. Sirva como ejemplo ilustrativo el enorme berrinche que el interlocutor gubernamental se llev\u00f3 al enterarse de la detenci\u00f3n de un supuesto miembro del aparato que recaudaba el &#8216;impuesto revolucionario&#8217;.<\/P><br \/>\n<P>Durante todo este tiempo, en el que seg\u00fan la versi\u00f3n oficial &#8220;la sociedad vasca miraba para otro lado&#8221;, hubo episodios chuscos de &#8216;guerra sucia&#8217; -en los que se mezclaba contratos mercantiles por obra a mercenarios franceses con las audaces apuestas bingueras de Amedo-, extra\u00f1as muertes en comisar\u00eda, cierres preventivos de peri\u00f3dicos -al parecer, alguno sin sustento legal y envuelto en sospechas de torturas- y supuestos &#8216;chivatazos&#8217;&nbsp;a etarras por parte de funcionarios p\u00fablicos. Cabe preguntarse hacia d\u00f3nde han mirado durante todo este tiempo aquellos \u00edntegros electores que no forman parte de la -por otro lado, sin duda, tan enferma como todas las dem\u00e1s- sociedad vasca.<\/P><br \/>\n<P>En el transcurrir de las d\u00e9cadas, todo esto ha generado entre inmersiones colectivas en la m\u00e1s absoluta&nbsp;indiferencia y arrebatos de indignaci\u00f3n, seg\u00fan la caracterizaci\u00f3n de cada per\u00edodo pre-electoral. As\u00ed, a d\u00eda de hoy todav\u00eda hay&nbsp;qui\u00e9n est\u00e1 convencido de que los GAL pertenecen a los a\u00f1os noventa, cuando en realidad datan de diez a\u00f1os antes.&nbsp;Por lo dem\u00e1s,&nbsp;todos los implicados est\u00e1n ya en libertad, conservan su condici\u00f3n de caballeros y hasta alguno se equipara con un jarr\u00f3n chino que no se&nbsp;sabe d\u00f3nde colocar, sin que a nadie se le ocurra insinuar siquiera que quiz\u00e1s la respuesta correcta ser\u00eda &#8220;en prisi\u00f3n&#8221;.<\/P><br \/>\n<P>Las actas de &#8216;Thierry&#8217; nos devuelven al ambientazo que adorna todo fin de \u00e9poca: lamentos por las actuaciones judiciales, promesas incumplidas, apelaciones a la autonom\u00eda del Duque de Ahumada y otros chanchullos incalificables que ayudar\u00e1n -o no- a lubricar el&nbsp;cambio de gobierno. La democracia se basa en la alternancia en el poder, una vez que ya se ha envilecido hasta el tu\u00e9tano.<\/P><br \/>\n<P>Que el sospechoso de encontrarse detr\u00e1s de buena parte de estos episodios sea el mirlo blanco sobre el que pivotan todas las esperanzas socialistas de conservar el poder prueba hasta qu\u00e9 punto es infinita la confianza de los pol\u00edticos en que su propia&nbsp;podredumbre vaya acompa\u00f1ada de la del electorado. Al fin y al cabo, uno nunca se degrada en soledad, sino en compa\u00f1\u00eda de otros.<\/P><\/p>\n<!-- AddThis Advanced Settings generic via filter on the_content --><!-- AddThis Share Buttons generic via filter on the_content -->","protected":false},"excerpt":{"rendered":"<p>La descomunal bibliograf\u00eda que ha generado la degradaci\u00f3n moral de la sociedad vasca durante las largas d\u00e9cadas de actividad de ETA contrasta poderosamente con la autocomplacencia con la que la sociedad espa\u00f1ola contempla su actuaci\u00f3n -y la de sus leg\u00edtimos representantes democr\u00e1ticos- durante esos mismos a\u00f1os. Ahora, la filtraci\u00f3n de las supuestas actas que el [&hellip;]<!-- AddThis Advanced Settings generic via filter on get_the_excerpt --><!-- AddThis Share Buttons generic via filter on get_the_excerpt --><\/p>\n","protected":false},"author":37,"featured_media":0,"comment_status":"open","ping_status":"closed","sticky":false,"template":"","format":"standard","meta":[],"categories":[2],"tags":[5],"_links":{"self":[{"href":"https:\/\/blogs.diariovasco.com\/eljukebox\/wp-json\/wp\/v2\/posts\/1413"}],"collection":[{"href":"https:\/\/blogs.diariovasco.com\/eljukebox\/wp-json\/wp\/v2\/posts"}],"about":[{"href":"https:\/\/blogs.diariovasco.com\/eljukebox\/wp-json\/wp\/v2\/types\/post"}],"author":[{"embeddable":true,"href":"https:\/\/blogs.diariovasco.com\/eljukebox\/wp-json\/wp\/v2\/users\/37"}],"replies":[{"embeddable":true,"href":"https:\/\/blogs.diariovasco.com\/eljukebox\/wp-json\/wp\/v2\/comments?post=1413"}],"version-history":[{"count":0,"href":"https:\/\/blogs.diariovasco.com\/eljukebox\/wp-json\/wp\/v2\/posts\/1413\/revisions"}],"wp:attachment":[{"href":"https:\/\/blogs.diariovasco.com\/eljukebox\/wp-json\/wp\/v2\/media?parent=1413"}],"wp:term":[{"taxonomy":"category","embeddable":true,"href":"https:\/\/blogs.diariovasco.com\/eljukebox\/wp-json\/wp\/v2\/categories?post=1413"},{"taxonomy":"post_tag","embeddable":true,"href":"https:\/\/blogs.diariovasco.com\/eljukebox\/wp-json\/wp\/v2\/tags?post=1413"}],"curies":[{"name":"wp","href":"https:\/\/api.w.org\/{rel}","templated":true}]}}