{"id":1419,"date":"2011-04-05T08:58:53","date_gmt":"2011-04-05T08:58:53","guid":{"rendered":"http:\/\/blogs.diariovasco.com\/eljukebox\/?p=1419"},"modified":"2011-04-05T08:58:53","modified_gmt":"2011-04-05T08:58:53","slug":"creo_que_hablo_por_todos_cuando_digo_un_","status":"publish","type":"post","link":"https:\/\/blogs.diariovasco.com\/eljukebox\/2011\/04\/05\/creo_que_hablo_por_todos_cuando_digo_un_\/","title":{"rendered":"&#8220;Creo que hablo por todos cuando digo&#8230;&#8221; Un relato"},"content":{"rendered":"<p><P>&#8220;Compa\u00f1eros y compa\u00f1eras,<\/P><br \/>\n<P>Lo primero de todo, agradeceros que hay\u00e1is prescindido de los gritos de &#8216;\u00a1presidente! \u00a1presidente!&#8217; pese a que s\u00e9 que me v\u00e9is como tal, as\u00ed como que me hay\u00e1is ahorrado los rigores del repertorio de Amaral porque, adem\u00e1s, no es del todo exacto que sin m\u00ed no se\u00e1is nada. Algo ser\u00edais, aunque sin duda nada excesivamente importante.<\/P><br \/>\n<P>El caso es que me congratula enormemente comprobar que no hace faltar recordaros que ahora lo m\u00e1s&nbsp;importante son los comicios del 22-M, una fecha en la que nos aguarda un importante descalabro electoral, y que despu\u00e9s de ese d\u00eda, tocar\u00e1 hablar de las primarias.<\/P><br \/>\n<P>Y digo que debemos centrarnos en las municipales y auton\u00f3micas porque el batacazo que cosecharemos resultar\u00e1 cuanto menos clarificador, ya que ayudar\u00e1 a descartar a algunos compa\u00f1eros y compa\u00f1eras que, sin duda, lo han dado todo por el partido, pero que podr\u00edan albergar la tentaci\u00f3n de aspirar a misiones m\u00e1s altas para las que, sin duda, no est\u00e1n cualificados.<\/P><br \/>\n<P>Tenemos que atravesar el engorroso tr\u00e1mite de someternos al veredicto de los ciudadanos. Ser\u00e1n severos con nosotros porque si han aprendido en estos ocho a\u00f1os es que nuestro valor a la hora de colocar los intereses del pa\u00eds por encima de los nuestros propios es tan s\u00f3lo comparable a nuestra determinaci\u00f3n a primar los de nuestros dirigentes por encima de todos los dem\u00e1s. Por eso os digo que a\u00fan no toca hablar de qui\u00e9n suceder\u00e1 a nuestro presidente de cuerpo presente, gracias a cuya magn\u00edfica labor nos encontramos en v\u00edsperas de un varapalo hist\u00f3rico.<\/P><br \/>\n<P>Cuando llegue el momento, yo ser\u00e9 el primero en recordaros que necesitamos a alguien forjado en mil y un m\u00edtines tan absurdos como \u00e9ste, alguien que haya empezado desde abajo, acostumbrado a pegar sus carteles encima de los de los otros partidos, alguien en contacto con las insoportables bases y cuya abnegaci\u00f3n le haya llevado a perpetrar todo tipo de chanchullos en materia de autofinanciaci\u00f3n. En definitiva, alguien como yo.<\/P><br \/>\n<P>Por eso, llegado el momento, os pedir\u00e9 que os olvid\u00e9is de esos tipejos despreciables que, al amparo de Amaral, medran en nuestras filas o de esas compa\u00f1eras que, apelando a su condici\u00f3n de mujer y espoleadas por una ambici\u00f3n pol\u00edtica insaciable, pretenden abandonar sus actuales responsabilidades al frente de cuantas guerras presentes y futuras habremos de vernos implicados por mor de nuestras inconfesables&nbsp;alianzas internacionales.<\/P><br \/>\n<P>Adem\u00e1s, decir que Espa\u00f1a est\u00e1 perfectamente preparada para tener una mujer al frente de su gobierno es una patra\u00f1a conservadora. Hace a\u00f1os que, gracias a la lucha desinteresada de tanto progresista an\u00f3nimo, este pa\u00eds dej\u00f3 atr\u00e1s ese reto. Lo que Espa\u00f1a necesita ahora es un l\u00edder transexual. Por eso, compa\u00f1eros y compa\u00f1eras -y con esto voy concluyendo mi intervenci\u00f3n-, os pedir\u00eda que cuando la pr\u00f3xima vez que nos veamos me recib\u00e1is al grito de &#8216;\u00a1presidenta! \u00a1presidenta!&#8217;. <\/P><br \/>\n<P>Ahora, debo dejaros. El quir\u00f3fano me aguarda. Recordad que lo verdaderamente importante no soy yo, al menos, por ahora. Lo que de verdad cuenta son las elecciones. Debemos volcarnos en ellas con todas nuestras fuerzas. Recordadlo cuando el pr\u00f3ximo 22 de mayo est\u00e9is en la playa ejerciendo vuestro derecho democr\u00e1tico a la abstenci\u00f3n&#8221;.<\/P><br \/>\n<P>&#8220;Un abrazo, compa\u00f1eros y compa\u00f1eras, nos vemos en La Moncloa. Os prometo que no permitir\u00e9 que el poder&nbsp;me cambie porque, de hecho, siempre he sido tal&nbsp;cual me veis.&#8221;<\/P><\/p>\n<!-- AddThis Advanced Settings generic via filter on the_content --><!-- AddThis Share Buttons generic via filter on the_content -->","protected":false},"excerpt":{"rendered":"<p>&#8220;Compa\u00f1eros y compa\u00f1eras, Lo primero de todo, agradeceros que hay\u00e1is prescindido de los gritos de &#8216;\u00a1presidente! \u00a1presidente!&#8217; pese a que s\u00e9 que me v\u00e9is como tal, as\u00ed como que me hay\u00e1is ahorrado los rigores del repertorio de Amaral porque, adem\u00e1s, no es del todo exacto que sin m\u00ed no se\u00e1is nada. Algo ser\u00edais, aunque sin [&hellip;]<!-- AddThis Advanced Settings generic via filter on get_the_excerpt --><!-- AddThis Share Buttons generic via filter on get_the_excerpt --><\/p>\n","protected":false},"author":37,"featured_media":0,"comment_status":"open","ping_status":"closed","sticky":false,"template":"","format":"standard","meta":[],"categories":[2],"tags":[5],"_links":{"self":[{"href":"https:\/\/blogs.diariovasco.com\/eljukebox\/wp-json\/wp\/v2\/posts\/1419"}],"collection":[{"href":"https:\/\/blogs.diariovasco.com\/eljukebox\/wp-json\/wp\/v2\/posts"}],"about":[{"href":"https:\/\/blogs.diariovasco.com\/eljukebox\/wp-json\/wp\/v2\/types\/post"}],"author":[{"embeddable":true,"href":"https:\/\/blogs.diariovasco.com\/eljukebox\/wp-json\/wp\/v2\/users\/37"}],"replies":[{"embeddable":true,"href":"https:\/\/blogs.diariovasco.com\/eljukebox\/wp-json\/wp\/v2\/comments?post=1419"}],"version-history":[{"count":0,"href":"https:\/\/blogs.diariovasco.com\/eljukebox\/wp-json\/wp\/v2\/posts\/1419\/revisions"}],"wp:attachment":[{"href":"https:\/\/blogs.diariovasco.com\/eljukebox\/wp-json\/wp\/v2\/media?parent=1419"}],"wp:term":[{"taxonomy":"category","embeddable":true,"href":"https:\/\/blogs.diariovasco.com\/eljukebox\/wp-json\/wp\/v2\/categories?post=1419"},{"taxonomy":"post_tag","embeddable":true,"href":"https:\/\/blogs.diariovasco.com\/eljukebox\/wp-json\/wp\/v2\/tags?post=1419"}],"curies":[{"name":"wp","href":"https:\/\/api.w.org\/{rel}","templated":true}]}}