{"id":1421,"date":"2011-04-07T09:00:27","date_gmt":"2011-04-07T09:00:27","guid":{"rendered":"http:\/\/blogs.diariovasco.com\/eljukebox\/?p=1421"},"modified":"2011-04-07T09:00:27","modified_gmt":"2011-04-07T09:00:27","slug":"siempre_se_van_los_mejores_en_primera_cl","status":"publish","type":"post","link":"https:\/\/blogs.diariovasco.com\/eljukebox\/2011\/04\/07\/siempre_se_van_los_mejores_en_primera_cl\/","title":{"rendered":"Siempre se van los mejores&#8230; en primera clase"},"content":{"rendered":"<p><P>Cuando uno tiene importantes responsabilidades pol\u00edticas a su cargo, la austeridad es algo que s\u00f3lo se puede exigir desde un asiento en primera clase, so pena de que la petici\u00f3n de sacrificios se atribuya a la envidia.<\/P><br \/>\n<P>Si 36 eurodiputados espa\u00f1oles -18 del PSOE, 17 del PP y uno de UPyD- han votado en contra de restringir el dispendio en los vuelos inferiores a cuatro horas se debe tan s\u00f3lo a una acendrada conciencia de clase de la que, por desgracia,&nbsp; adolecen sus votantes. <\/P><br \/>\n<P>En cuanto a los dos abstencionistas -uno de ellos, la europarlamentaria del PNV Izaskun Bilbao-, su inhibici\u00f3n debe interpretarse como una prueba de confianza ciega en que siempre habr\u00e1 otro que haga el trabajo sucio.&nbsp;Por \u00faltimo,&nbsp;los tres votos favorables a la derogaci\u00f3n de este privilegio responden al factor &#8216;oveja negra&#8217;, una variable estad\u00edstica presente en cualquier colectivo humano y convenientemente descrita en&nbsp;todos los&nbsp;tratados de soci\u00f3log\u00eda.<\/P><br \/>\n<P>Si bien es cierto que la prerrogativa de los eurodiputados nos proteg\u00eda a los&nbsp;peatones de compartir asiento con cualquier Mayor Oreja de turno, siempre&nbsp;dispuesto a darnos el vuelo con sus prolijas explicaciones sobre la negociaci\u00f3n ETA-Gobierno, tambi\u00e9n lo es que nos priva de regocijarnos en&nbsp;la esperanza de que el eurocargo sucumba durante el viaje, v\u00edctima del &#8216;s\u00edndrome de la clase turista&#8217; en cualquiera de sus manifestaciones.<\/P><br \/>\n<P>En l\u00ednea con todo lo anterior, los eurodiputados tambi\u00e9n tomaron otras medidas destinadas a preservar ese amenazado estado de bienestar que, bien entendido, empieza y acaba&nbsp;por uno mismo. As\u00ed, cuando un ciudadano dice que tiene hambre atrasada significa que cenar\u00e1 el doble, mientras que la misma expresi\u00f3n en boca de un parlamentario europeo certifica su intenci\u00f3n de apurar el cobro de cada una de las dietas acumuladas durante su ausencia.<\/P><br \/>\n<P>Al igual que hay dos Espa\u00f1as, tambi\u00e9n conviven dos Europas: la del crecimiento econ\u00f3mico y la de los PIGS. La principal ocupaci\u00f3n de la primera radica en rescatar econ\u00f3micamente a la segunda, en una&nbsp;secuencia similar a la de los &#8216;Diez negritos&#8217; de Agatha Christie. El siguiente pa\u00eds en caer ser\u00e1 Espa\u00f1a.<\/P><br \/>\n<P>No obstante, Estrasburgo ama por igual a todos&nbsp;sus cargos&nbsp;electos sin hacer diferencias por sus siglas pol\u00edticas, ni por el color de su pasaporte. La cuesti\u00f3n de los vuelos en primera es una cortina de humo. El verdadero drama&nbsp;ciudadano no es que los eurodiputados viajen a Bruselas en primera, en donde se dedicar\u00e1n intensamente a no hacer nada. El esc\u00e1ndalo radica en que siempre -el viernes a m\u00e1s tardar-, acaban regresando.&nbsp;A por m\u00e1s, se entiende.&nbsp;<\/P><\/p>\n<!-- AddThis Advanced Settings generic via filter on the_content --><!-- AddThis Share Buttons generic via filter on the_content -->","protected":false},"excerpt":{"rendered":"<p>Cuando uno tiene importantes responsabilidades pol\u00edticas a su cargo, la austeridad es algo que s\u00f3lo se puede exigir desde un asiento en primera clase, so pena de que la petici\u00f3n de sacrificios se atribuya a la envidia. Si 36 eurodiputados espa\u00f1oles -18 del PSOE, 17 del PP y uno de UPyD- han votado en contra [&hellip;]<!-- AddThis Advanced Settings generic via filter on get_the_excerpt --><!-- AddThis Share Buttons generic via filter on get_the_excerpt --><\/p>\n","protected":false},"author":37,"featured_media":0,"comment_status":"open","ping_status":"closed","sticky":false,"template":"","format":"standard","meta":[],"categories":[2],"tags":[5],"_links":{"self":[{"href":"https:\/\/blogs.diariovasco.com\/eljukebox\/wp-json\/wp\/v2\/posts\/1421"}],"collection":[{"href":"https:\/\/blogs.diariovasco.com\/eljukebox\/wp-json\/wp\/v2\/posts"}],"about":[{"href":"https:\/\/blogs.diariovasco.com\/eljukebox\/wp-json\/wp\/v2\/types\/post"}],"author":[{"embeddable":true,"href":"https:\/\/blogs.diariovasco.com\/eljukebox\/wp-json\/wp\/v2\/users\/37"}],"replies":[{"embeddable":true,"href":"https:\/\/blogs.diariovasco.com\/eljukebox\/wp-json\/wp\/v2\/comments?post=1421"}],"version-history":[{"count":0,"href":"https:\/\/blogs.diariovasco.com\/eljukebox\/wp-json\/wp\/v2\/posts\/1421\/revisions"}],"wp:attachment":[{"href":"https:\/\/blogs.diariovasco.com\/eljukebox\/wp-json\/wp\/v2\/media?parent=1421"}],"wp:term":[{"taxonomy":"category","embeddable":true,"href":"https:\/\/blogs.diariovasco.com\/eljukebox\/wp-json\/wp\/v2\/categories?post=1421"},{"taxonomy":"post_tag","embeddable":true,"href":"https:\/\/blogs.diariovasco.com\/eljukebox\/wp-json\/wp\/v2\/tags?post=1421"}],"curies":[{"name":"wp","href":"https:\/\/api.w.org\/{rel}","templated":true}]}}