{"id":1428,"date":"2011-04-15T09:53:54","date_gmt":"2011-04-15T09:53:54","guid":{"rendered":"http:\/\/blogs.diariovasco.com\/eljukebox\/?p=1428"},"modified":"2011-04-15T09:53:54","modified_gmt":"2011-04-15T09:53:54","slug":"lo_profundo_es_la_pinta_que_llevas","status":"publish","type":"post","link":"https:\/\/blogs.diariovasco.com\/eljukebox\/2011\/04\/15\/lo_profundo_es_la_pinta_que_llevas\/","title":{"rendered":"Lo profundo es la pinta que llevas"},"content":{"rendered":"<p>La juventud vasca cuida su imagen para evitar las burlas y el aislamiento social. He aqu\u00ed la ra\u00edz del drama adolescente, una \u00e9poca de la vida en la que uno empieza a madurar al comprender que, descartada la posibilidad de ser admirado, deber\u00e1 conformarse con la de ser admitido. Y si el proceso se agudiza, deber\u00e1 resignarse con alcanzar la tolerancia hacia su persona.<\/p>\n<p>As\u00ed lo atestigua el informe &#8216;Necesidades y demandas de la infancia y la adolescencia en Euskadi&#8217;, que ayer hizo p\u00fablica la Consejer\u00eda de Asuntos Sociales. La gente poco profunda es la \u00fanica que no juzga por las apariencias, dej\u00f3 dicho Lord Byron, pero lo extra\u00f1o es que la juventud actual haya logrado interiorizar tal creencia con el uso indiscriminado de pantalones para paticortos cuyo principal ornamento es el tanga o el calzoncillo.<\/p>\n<p>Resulta igualmente asombroso que esa reducida minor\u00eda que te\u00f3ricamente cumple los est\u00e1ntadres de belleza establecidos haya logrado inculcar tal miedo al aislamiento en una mayor\u00eda cuyo aspecto oscila entre lo insulso y lo repulsivo, con todas categor\u00edas posibles entre uno y otro extremo.<\/p>\n<p>En cualquier caso, todas estas cosas se superan con el tiempo. Uno puede dar por concluido su proceso de crecimiento personal en el momento en el que ya est\u00e1 dispuesto a someterse a los rigores de la cirug\u00eda est\u00e9tica, prueba irrefutable de que se ha dado ya por perdida la batalla por conservar un aspecto f\u00edsico aceptable.<\/p>\n<p>Los m\u00e1s alarmnistas se preguntar\u00e1n qu\u00e9 clase de sociedad estamos construyendo para que nuestros j\u00f3venes prefieran ser cosificados hasta ser percibidos como meros objetos del deseo sexual antes que envidiados por la profundidad de su vida interior. <\/p>\n<p>La respuesta correcta es precisamente que una como \u00e9sta. Al fin y al cabo, hay que estar muy preocupado por la imagen exterior para invertir recursos p\u00fablicos en preguntar a los j\u00f3venes sobre cuestiones absurdas que s\u00f3lo admiten respuestas inh\u00f3spitas. Por fortuna, resulta mucho m\u00e1s soportable ser marginado por las creencias que uno ha abrazado que por las pintas que le han tocado. Todo lo dem\u00e1s son modas pasajeras.<\/p>\n<!-- AddThis Advanced Settings generic via filter on the_content --><!-- AddThis Share Buttons generic via filter on the_content -->","protected":false},"excerpt":{"rendered":"<p>La juventud vasca cuida su imagen para evitar las burlas y el aislamiento social. He aqu\u00ed la ra\u00edz del drama adolescente, una \u00e9poca de la vida en la que uno empieza a madurar al comprender que, descartada la posibilidad de ser admirado, deber\u00e1 conformarse con la de ser admitido. Y si el proceso se agudiza, [&hellip;]<!-- AddThis Advanced Settings generic via filter on get_the_excerpt --><!-- AddThis Share Buttons generic via filter on get_the_excerpt --><\/p>\n","protected":false},"author":37,"featured_media":0,"comment_status":"open","ping_status":"closed","sticky":false,"template":"","format":"standard","meta":[],"categories":[2],"tags":[5],"_links":{"self":[{"href":"https:\/\/blogs.diariovasco.com\/eljukebox\/wp-json\/wp\/v2\/posts\/1428"}],"collection":[{"href":"https:\/\/blogs.diariovasco.com\/eljukebox\/wp-json\/wp\/v2\/posts"}],"about":[{"href":"https:\/\/blogs.diariovasco.com\/eljukebox\/wp-json\/wp\/v2\/types\/post"}],"author":[{"embeddable":true,"href":"https:\/\/blogs.diariovasco.com\/eljukebox\/wp-json\/wp\/v2\/users\/37"}],"replies":[{"embeddable":true,"href":"https:\/\/blogs.diariovasco.com\/eljukebox\/wp-json\/wp\/v2\/comments?post=1428"}],"version-history":[{"count":0,"href":"https:\/\/blogs.diariovasco.com\/eljukebox\/wp-json\/wp\/v2\/posts\/1428\/revisions"}],"wp:attachment":[{"href":"https:\/\/blogs.diariovasco.com\/eljukebox\/wp-json\/wp\/v2\/media?parent=1428"}],"wp:term":[{"taxonomy":"category","embeddable":true,"href":"https:\/\/blogs.diariovasco.com\/eljukebox\/wp-json\/wp\/v2\/categories?post=1428"},{"taxonomy":"post_tag","embeddable":true,"href":"https:\/\/blogs.diariovasco.com\/eljukebox\/wp-json\/wp\/v2\/tags?post=1428"}],"curies":[{"name":"wp","href":"https:\/\/api.w.org\/{rel}","templated":true}]}}