{"id":1433,"date":"2011-04-24T11:56:02","date_gmt":"2011-04-24T11:56:02","guid":{"rendered":"http:\/\/blogs.diariovasco.com\/eljukebox\/?p=1433"},"modified":"2011-04-24T11:56:02","modified_gmt":"2011-04-24T11:56:02","slug":"una_esvastica_acuna_al_rey_de_los_judios","status":"publish","type":"post","link":"https:\/\/blogs.diariovasco.com\/eljukebox\/2011\/04\/24\/una_esvastica_acuna_al_rey_de_los_judios\/","title":{"rendered":"Una esv\u00e1stica acuna al &#039;rey de los jud\u00edos&#039;"},"content":{"rendered":"<p><P>Espa\u00f1a es probablemente&nbsp;el \u00fanico pa\u00eds del mundo capaz de mandar en misi\u00f3n de paz por el mundo a un soldado tuneado con una esv\u00e1stica tatuada en uno de sus brazos. Vaya por delante la poderosa &#8216;permormance&#8217; que constituye un brazo nazi portando&nbsp;la franquicia local&nbsp;del&nbsp;&#8216;Iesus Nazarenus Rex Iudeorum&#8217;. Hay que venir hasta aqu\u00ed para ver semejante disparate. Si fuera obra de alg\u00fan artista contempor\u00e1neo, Monse\u00f1or Rouco Varela ya estar\u00eda recogiendo le\u00f1a para la hoguera.<\/P><br \/>\n<P>El caballero legionario fue inmortalizado por un fot\u00f3grafo de Efe cuando llevaba en volandas&nbsp;por las calles de M\u00e1laga a un tal Cristo de la Buena Muerte -la obsesi\u00f3n&nbsp;particular de este cuerpo militar-.&nbsp;Qu\u00e9 pintan todav\u00eda&nbsp;juntos militares y curas es algo que mejor conviene no preguntarse.&nbsp;<\/P><br \/>\n<P>La Iglesia cat\u00f3lica, tan celosa en cuestiones de relaciones prematrimoniales,&nbsp;lleva d\u00e9cadas haciendo la vista gorda pese a que los &#8216;novios de la muerte&#8217; viven en permanente concubinato con su prometida, sin decidirse nunca&nbsp;a pasar por la vicar\u00eda. Y mira que estos noviazgos tan largos acaban&nbsp;generando una cierta podredumbre.<\/P><br \/>\n<P>Lo peor de la imagen legionaria es que puedes eliminar la esv\u00e1stica mediante programas inform\u00e1ticos, tal cual ha hecho alg\u00fan peri\u00f3dico, sin que el sabor a establo y halitosis que emana de la fotograf\u00eda disminuya un \u00e1pice, ser\u00e1 quiz\u00e1s que forma parte de su esencia.<\/P><br \/>\n<P>Por otra parte, dentro de la l\u00f3gica que encierran las teor\u00edas sobre sociedades enfermas y dem\u00e1s, cabe especular infinitamente en torno la amplia red de complicidades que teje entre la tropa -desde sus compa\u00f1eros a sus mandos oficiales- la presencia de un sujeto decorado con la parafernalia nazi. <\/P><br \/>\n<P>A modo de aproximaci\u00f3n, baste imaginar qu\u00e9 p\u00e1ginas de gloria period\u00edstica&nbsp;alumbrar\u00eda el descubrimiento de que un tamborrero donostiarra fuera sorprendido con&nbsp;un tatuaje del&nbsp;hacha y la serpiente, as\u00ed fue en los gl\u00fateos. Qu\u00e9 magn\u00edficas teor\u00edas alumbrar\u00eda&nbsp;sobre el papel de&nbsp;las ikastolas, de las fiestas populares, de las sociedades gastron\u00f3micas y hasta de las&nbsp;atracciones&nbsp;de feria en los complejos procesos que acompa\u00f1an&nbsp;la perpetuaci\u00f3n de la violencia.&nbsp;<\/P><br \/>\n<P>Y ya puestos a dar otra vuelta de tuerca a nuestra calenturienta imaginaci\u00f3n, hay que juguetear so\u00f1ando con&nbsp;las lecciones democr\u00e1ticas nos ser\u00edan despiadadamente&nbsp;impartidas si&nbsp;un tatuaje similar apareciera en el brazo de un portador de, qu\u00e9 s\u00e9 yo, la virgen de Bego\u00f1a o cualquier otro emblema de eso que llaman &#8220;la Iglesia vasca&#8221;.&nbsp;<\/P><\/p>\n<!-- AddThis Advanced Settings generic via filter on the_content --><!-- AddThis Share Buttons generic via filter on the_content -->","protected":false},"excerpt":{"rendered":"<p>Espa\u00f1a es probablemente&nbsp;el \u00fanico pa\u00eds del mundo capaz de mandar en misi\u00f3n de paz por el mundo a un soldado tuneado con una esv\u00e1stica tatuada en uno de sus brazos. Vaya por delante la poderosa &#8216;permormance&#8217; que constituye un brazo nazi portando&nbsp;la franquicia local&nbsp;del&nbsp;&#8216;Iesus Nazarenus Rex Iudeorum&#8217;. Hay que venir hasta aqu\u00ed para ver semejante [&hellip;]<!-- AddThis Advanced Settings generic via filter on get_the_excerpt --><!-- AddThis Share Buttons generic via filter on get_the_excerpt --><\/p>\n","protected":false},"author":37,"featured_media":0,"comment_status":"open","ping_status":"closed","sticky":false,"template":"","format":"standard","meta":[],"categories":[2],"tags":[5],"_links":{"self":[{"href":"https:\/\/blogs.diariovasco.com\/eljukebox\/wp-json\/wp\/v2\/posts\/1433"}],"collection":[{"href":"https:\/\/blogs.diariovasco.com\/eljukebox\/wp-json\/wp\/v2\/posts"}],"about":[{"href":"https:\/\/blogs.diariovasco.com\/eljukebox\/wp-json\/wp\/v2\/types\/post"}],"author":[{"embeddable":true,"href":"https:\/\/blogs.diariovasco.com\/eljukebox\/wp-json\/wp\/v2\/users\/37"}],"replies":[{"embeddable":true,"href":"https:\/\/blogs.diariovasco.com\/eljukebox\/wp-json\/wp\/v2\/comments?post=1433"}],"version-history":[{"count":0,"href":"https:\/\/blogs.diariovasco.com\/eljukebox\/wp-json\/wp\/v2\/posts\/1433\/revisions"}],"wp:attachment":[{"href":"https:\/\/blogs.diariovasco.com\/eljukebox\/wp-json\/wp\/v2\/media?parent=1433"}],"wp:term":[{"taxonomy":"category","embeddable":true,"href":"https:\/\/blogs.diariovasco.com\/eljukebox\/wp-json\/wp\/v2\/categories?post=1433"},{"taxonomy":"post_tag","embeddable":true,"href":"https:\/\/blogs.diariovasco.com\/eljukebox\/wp-json\/wp\/v2\/tags?post=1433"}],"curies":[{"name":"wp","href":"https:\/\/api.w.org\/{rel}","templated":true}]}}