{"id":1442,"date":"2011-05-06T08:45:46","date_gmt":"2011-05-06T08:45:46","guid":{"rendered":"http:\/\/blogs.diariovasco.com\/eljukebox\/?p=1442"},"modified":"2011-05-06T08:45:46","modified_gmt":"2011-05-06T08:45:46","slug":"el_constitucional_ha_fallado_para_que_bi","status":"publish","type":"post","link":"https:\/\/blogs.diariovasco.com\/eljukebox\/2011\/05\/06\/el_constitucional_ha_fallado_para_que_bi\/","title":{"rendered":"El Constitucional ha fallado para que Bildu acierte"},"content":{"rendered":"<p><P>1) Espa\u00f1a es un pa\u00eds dividido en dos por minucias -tales como si Bildu debe estar presente o no en las elecciones-, pero unido en lo fundamental: la certeza de que el Poder Judicial es una franquicia del Legislativo. Para anticiparse a la resoluci\u00f3n de un tribunal, basta con recontar el n\u00famero de magistrados con los que cuenta cada uno de los dos partidos &#8220;con vocaci\u00f3n de gobernar&#8221;. Tr\u00e1nsfuga arriba, tr\u00e1nsfuga abajo, el resultado siempre acaba siendo un clon. Hay empresas que mantienen una mayor independencia incluso despu\u00e9s de fusionarse en Bolsa. M\u00e1s penoso resulta a\u00fan cuando id\u00e9ntico comportamiento se traslada a los medios de comunicaci\u00f3n.<\/P><br \/>\n<P>2) La resoluci\u00f3n que anoche aprob\u00f3 el TC permitir\u00e1 que el PNV contin\u00fae propinando raciones de desfibrilador al cad\u00e1ver de ZP sin levantar excesivas sospechas. En cuanto a los partidos que defienden que vivimos en un estado de derecho basado en la divisi\u00f3n de poderes, ya han anunciado que la culpa de todo es del PSOE. UPyD, en concreto, no volver\u00e1 a prestar su innecesario apoyo a Patxi L\u00f3pez, aunque a\u00fan debe aclarar si tambi\u00e9n renegar\u00e1 al ordenamiento jur\u00eddico.<\/P><br \/>\n<P>3) La Ley de Partidos era una anomal\u00eda judicial por cuanto supon\u00eda que una ley de rango inferior modificaba a otra de rango superior -La Constituci\u00f3n-, que no contempla restricci\u00f3n alguna en materia de representaci\u00f3n pol\u00edtica. Ocho a\u00f1os despu\u00e9s de su aprobaci\u00f3n, hoy es el d\u00eda en el que la Izquierda Abertzale no ha dejado de estar presente en al menos una instituci\u00f3n ni un s\u00f3lo minuto.<\/P><br \/>\n<P>4) La premisa de que hemos vivido una encrucijada hist\u00f3rica en la que los tribunales deb\u00edan decidir si ETA estaba o no presente en estas elecciones resulta una falacia. Los comicios tan s\u00f3lo permtir\u00e1n que Bildu se recuente a s\u00ed misma en t\u00e9rminos de votos concretos. La reforma de la Ley de Partidos aprobada el pasado 28 de enero&nbsp;supone que&nbsp;cuanto electo ampare&nbsp;cualquier acto violento se audodestruir\u00e1 como tal en el momento en el que&nbsp;\u00e9ste se produzca.<\/P><br \/>\n<P>5) Se supone que las Fuerzas de Seguridad del Estado se gastan un dineral en perforar, no ya a la Izquierda Abertzale, sino incluso a organizaciones tan clandestinas como ETA. Por eso, resulta inadmisible que defiendan con ardor que Bildu trabaja a las \u00f3rdenes de la organizaci\u00f3n terrorista y a continuaci\u00f3n presenten unos indicios sonrojantes. En cuanto a los defectos&nbsp;de traducci\u00f3n de documentos en&nbsp;euskera, demuestran que en materia de colaboracion con la Ertzaintza a\u00fan les queda mucho camino por recorrer.&nbsp;<\/P><br \/>\n<P>6) Todo esto coloca a ETA en la misma situaci\u00f3n complicadilla que el soldado que ha pisado una mina&nbsp;que estallar\u00e1 en el momento en el que levante el pie del detonador.&nbsp;Una vezETA ya no puede matar y morir por la patria; tendr\u00e1 que conformarse con dar la vida por Bildu.<\/P><\/p>\n<!-- AddThis Advanced Settings generic via filter on the_content --><!-- AddThis Share Buttons generic via filter on the_content -->","protected":false},"excerpt":{"rendered":"<p>1) Espa\u00f1a es un pa\u00eds dividido en dos por minucias -tales como si Bildu debe estar presente o no en las elecciones-, pero unido en lo fundamental: la certeza de que el Poder Judicial es una franquicia del Legislativo. Para anticiparse a la resoluci\u00f3n de un tribunal, basta con recontar el n\u00famero de magistrados con [&hellip;]<!-- AddThis Advanced Settings generic via filter on get_the_excerpt --><!-- AddThis Share Buttons generic via filter on get_the_excerpt --><\/p>\n","protected":false},"author":37,"featured_media":0,"comment_status":"open","ping_status":"closed","sticky":false,"template":"","format":"standard","meta":[],"categories":[2],"tags":[5],"_links":{"self":[{"href":"https:\/\/blogs.diariovasco.com\/eljukebox\/wp-json\/wp\/v2\/posts\/1442"}],"collection":[{"href":"https:\/\/blogs.diariovasco.com\/eljukebox\/wp-json\/wp\/v2\/posts"}],"about":[{"href":"https:\/\/blogs.diariovasco.com\/eljukebox\/wp-json\/wp\/v2\/types\/post"}],"author":[{"embeddable":true,"href":"https:\/\/blogs.diariovasco.com\/eljukebox\/wp-json\/wp\/v2\/users\/37"}],"replies":[{"embeddable":true,"href":"https:\/\/blogs.diariovasco.com\/eljukebox\/wp-json\/wp\/v2\/comments?post=1442"}],"version-history":[{"count":0,"href":"https:\/\/blogs.diariovasco.com\/eljukebox\/wp-json\/wp\/v2\/posts\/1442\/revisions"}],"wp:attachment":[{"href":"https:\/\/blogs.diariovasco.com\/eljukebox\/wp-json\/wp\/v2\/media?parent=1442"}],"wp:term":[{"taxonomy":"category","embeddable":true,"href":"https:\/\/blogs.diariovasco.com\/eljukebox\/wp-json\/wp\/v2\/categories?post=1442"},{"taxonomy":"post_tag","embeddable":true,"href":"https:\/\/blogs.diariovasco.com\/eljukebox\/wp-json\/wp\/v2\/tags?post=1442"}],"curies":[{"name":"wp","href":"https:\/\/api.w.org\/{rel}","templated":true}]}}