{"id":1444,"date":"2011-05-09T10:20:19","date_gmt":"2011-05-09T10:20:19","guid":{"rendered":"http:\/\/blogs.diariovasco.com\/eljukebox\/?p=1444"},"modified":"2011-05-09T10:20:19","modified_gmt":"2011-05-09T10:20:19","slug":"la_casa_blanca_devora_a_su_primer_presid","status":"publish","type":"post","link":"https:\/\/blogs.diariovasco.com\/eljukebox\/2011\/05\/09\/la_casa_blanca_devora_a_su_primer_presid\/","title":{"rendered":"La Casa Blanca devora a su primer presidente negro"},"content":{"rendered":"<p><P>Seg\u00fan el auto de fe de Bin Laden, somos unos infieles incurables. Seg\u00fan el diagn\u00f3stico de Barack Obama, tan s\u00f3lo estamos locos de remate. No son conclusiones excluyentes entre s\u00ed: se puede estar mal de la cabeza, sin necesidad de incurrir en las supercher\u00edas.<\/P><br \/>\n<P>Con la entrevista emitida esta noche en la cadena CBS, se da por concluido el banquete iniciado el 20 de enero de 2009 con la toma de posesi\u00f3n del ex senador por Illinois de la Presidencia de Estados Unidos. Desde entonces, el cargo ha venido devorando a su titular y tras dejar las raspas a un lado del plato, ahora aguarda al postre.<\/P><br \/>\n<P>Lo peor de los conversos es que siempre resultan m\u00e1s refinados en el ejercicio de su nueva fe que los viejos creyentes, tan desenga\u00f1ados ya&nbsp;que \u00fanicamente matan para mantener las apariencias. <\/P><br \/>\n<P>Tiene raz\u00f3n Obama cuando duda de la salud mental de quienes cuestionan la ejecuci\u00f3n extrajudicial de Osama Bin Laden. Sucede que esta neurosis no nace de nuestro irreductible&nbsp;salafismo, sino de la dificultad de compatibilizar su doble discurso: por un lado, todo acusado tiene derecho a un juicio justo; por otro, &#8216;operaci\u00f3n Ger\u00f3nimo&#8217;.<\/P><br \/>\n<P>Nuestras aspiraciones son modestas: no pedimos que se abandone la ley de Lynch, sino que la ONU regule su aplicaci\u00f3n. No rechazamos que el &#8216;juez de la horca&#8217; ostente el Premio Nobel de la Paz, nos conformamos con que se conceda tambi\u00e9n el de la Guerra, para apreciar las diferencias que puede haber entre uno y otro. No exigimos que las tropas estadounidenses invadan otros pa\u00edses, \u00fanicamente desear\u00edamos que se contemplara&nbsp;la posibilidad de la reciprocidad.<\/P><br \/>\n<P>Reivindicamos para nosotros el&nbsp;derecho a&nbsp;una esquizofrenia m\u00e1s sana a la vez que reclamamos para EE UU una paranoia mejor. Al fin y al cabo, si algo caracteriza la historia de EE UU es que&nbsp;finalmente &nbsp;s\u00f3lo puede fiarse de la inquebrantable lealtad de sus enemigos. En cuanto a sus aliados, tarde o temprano acaban volvi\u00e9ndose en su contra. <\/P><\/p>\n<!-- AddThis Advanced Settings generic via filter on the_content --><!-- AddThis Share Buttons generic via filter on the_content -->","protected":false},"excerpt":{"rendered":"<p>Seg\u00fan el auto de fe de Bin Laden, somos unos infieles incurables. Seg\u00fan el diagn\u00f3stico de Barack Obama, tan s\u00f3lo estamos locos de remate. No son conclusiones excluyentes entre s\u00ed: se puede estar mal de la cabeza, sin necesidad de incurrir en las supercher\u00edas. Con la entrevista emitida esta noche en la cadena CBS, se [&hellip;]<!-- AddThis Advanced Settings generic via filter on get_the_excerpt --><!-- AddThis Share Buttons generic via filter on get_the_excerpt --><\/p>\n","protected":false},"author":37,"featured_media":0,"comment_status":"open","ping_status":"closed","sticky":false,"template":"","format":"standard","meta":[],"categories":[2],"tags":[5],"_links":{"self":[{"href":"https:\/\/blogs.diariovasco.com\/eljukebox\/wp-json\/wp\/v2\/posts\/1444"}],"collection":[{"href":"https:\/\/blogs.diariovasco.com\/eljukebox\/wp-json\/wp\/v2\/posts"}],"about":[{"href":"https:\/\/blogs.diariovasco.com\/eljukebox\/wp-json\/wp\/v2\/types\/post"}],"author":[{"embeddable":true,"href":"https:\/\/blogs.diariovasco.com\/eljukebox\/wp-json\/wp\/v2\/users\/37"}],"replies":[{"embeddable":true,"href":"https:\/\/blogs.diariovasco.com\/eljukebox\/wp-json\/wp\/v2\/comments?post=1444"}],"version-history":[{"count":0,"href":"https:\/\/blogs.diariovasco.com\/eljukebox\/wp-json\/wp\/v2\/posts\/1444\/revisions"}],"wp:attachment":[{"href":"https:\/\/blogs.diariovasco.com\/eljukebox\/wp-json\/wp\/v2\/media?parent=1444"}],"wp:term":[{"taxonomy":"category","embeddable":true,"href":"https:\/\/blogs.diariovasco.com\/eljukebox\/wp-json\/wp\/v2\/categories?post=1444"},{"taxonomy":"post_tag","embeddable":true,"href":"https:\/\/blogs.diariovasco.com\/eljukebox\/wp-json\/wp\/v2\/tags?post=1444"}],"curies":[{"name":"wp","href":"https:\/\/api.w.org\/{rel}","templated":true}]}}