{"id":1447,"date":"2011-05-11T09:29:54","date_gmt":"2011-05-11T09:29:54","guid":{"rendered":"http:\/\/blogs.diariovasco.com\/eljukebox\/?p=1447"},"modified":"2011-05-11T09:29:54","modified_gmt":"2011-05-11T09:29:54","slug":"sorbos_de_campana_iii_el_primer_teledeba","status":"publish","type":"post","link":"https:\/\/blogs.diariovasco.com\/eljukebox\/2011\/05\/11\/sorbos_de_campana_iii_el_primer_teledeba\/","title":{"rendered":"Sorbos de campa\u00f1a (III): El primer TeleDebate"},"content":{"rendered":"<p><P>Incluso si aceptamos que &#8220;una cr\u00edtica puede ser injusta, pero un elogio siempre lo es&#8221;, hay que reconocer que el primer debate electoral de TeleDonosti entre los tres principales candidatos a la Alcald\u00eda de San Sebasti\u00e1n tuvo un claro vencedor: Eneko Goia.<\/P><br \/>\n<P>Enti\u00e9ndase por &#8220;vencedor&#8221; no al candidato que deja el plat\u00f3 convertido en ganador virtual de las elecciones, sino aqu\u00e9l que logrado utilizar la confrontaci\u00f3n para mejorar sus expectativas. Resulta poco probable que Elorza y G\u00f3mez convencieran a alguien que no lo estuviera ya previamente. Goia, en cambio, derroch\u00f3 sensatez y naturalidad en sus intervenciones. Y si no lo fueron, consigui\u00f3 que lo parecieran, lo cual en pol\u00edtica viene a ser lo mismo.<\/P><br \/>\n<P>El todav\u00eda alcalde volvi\u00f3 a exhibir su exhaustivo -y por qu\u00e9 no decirlo, a veces exasperante- conocimiento de la ciudad, de sus proyectos y de la intrahistoria municipal, propios de alguien que lleva toda la vida ah\u00ed, puede que porque no sabe hacer otra cosa. Desantendiendo las propias confesiones de Elorza sobre su innegable tendencia a convertirse en su peor enemigo, Ram\u00f3n G\u00f3mez acudi\u00f3 en su rescate&nbsp;impidiendo que lo fuera. <\/P><br \/>\n<P>El primer error del candidato del PP fue tratar de reservarse mismo ese papel. El segundo fue que fracas\u00f3 en el intento. Tras meses haciendo &#8216;sombras&#8217;, el p\u00fagil del PP salt\u00f3 al ring tan acelerado y&nbsp;atropellado que cuando consigui\u00f3 asestar alg\u00fan golpe al alcalde, \u00e9ste pas\u00f3 desapercibido en medio del foll\u00f3n. <\/P><br \/>\n<P>Mientras que Elorza y Goia se mostraron como gestores acostumbrados a negociar con el mundo real de las cifras, G\u00f3mez se perfil\u00f3 como un inexperto lanzador de promesas dif\u00edcilmente incumplibles a base de prometer m\u00e1s y mejores servicios recaudando menos. Para lograr esta cuadratura del c\u00edrculo, se aferr\u00f3 al et\u00e9reo verbo &#8220;gestionar&#8221;.<\/P><br \/>\n<P>Con todo, lo peor fue su personal interpretaci\u00f3n de un pu\u00f1ado de directrices de marketing de los tiempos de &#8216;Mad Men&#8217;, con continuos giros de posici\u00f3n&nbsp;en busca de&nbsp;&#8220;su&#8221; c\u00e1mara en el momento de lanzar sus proclamas, algo m\u00e1s propio del v\u00eddeo del partido que del debate electoral. El candidato de carne y hueso cay\u00f3 v\u00edctima de&nbsp;su estrategia de lata y para cuando intent\u00f3 resultar veros\u00edmil ya hab\u00eda agotado todo su cr\u00e9dito.&nbsp;Elorza le reproch\u00f3 su acartonamiento y G\u00f3mez acus\u00f3 el golpe.<\/P><br \/>\n<P>En cuanto a Goia, se mantuvo a una prudente distancia de la trifulca. Explic\u00f3 qu\u00e9 cosas har\u00eda de otra manera y cu\u00e1les esperar\u00eda a conocer en profundidad antes de acometer. Record\u00f3 que se avecinan tiempos oscuros desde el punto de vista presupuestario y eludi\u00f3 el cuerpo a cuerpo con el&nbsp;alcalde, que bastante ten\u00eda con el autodestructivo G\u00f3mez, entregado a una liturgia de inmolaci\u00f3n que, al menos,&nbsp;se llevara tambi\u00e9n por delante a su rival socialista.&nbsp;<\/P><br \/>\n<P>Por lo dem\u00e1s, el candidato del partido que se opuso al divorcio se erigi\u00f3 en defensor de los separados y por encima de las cifras que sit\u00faan a San Sebasti\u00e1n como la ciudad m\u00e1s segura el Pa\u00eds Vasco, insisti\u00f3 en que es todo lo contrario, al menos, &#8220;en la percepci\u00f3n ciudadana&#8221;, la misma -cabr\u00eda se\u00f1alar- que apunta a que el Sol se mueve en torno a la Tierra y no al rev\u00e9s. En resumen: intent\u00f3 emular a Gregorio Ord\u00f3\u00f1ez, pero&nbsp;se qued\u00f3 en banda-tributo. Por lo dem\u00e1s, si la &#8216;pol\u00edtica pop&#8217; era esto, no es extra\u00f1o que su revista m\u00e1s emblem\u00e1tica acabe de anunciar su defunci\u00f3n.<\/P><\/p>\n<!-- AddThis Advanced Settings generic via filter on the_content --><!-- AddThis Share Buttons generic via filter on the_content -->","protected":false},"excerpt":{"rendered":"<p>Incluso si aceptamos que &#8220;una cr\u00edtica puede ser injusta, pero un elogio siempre lo es&#8221;, hay que reconocer que el primer debate electoral de TeleDonosti entre los tres principales candidatos a la Alcald\u00eda de San Sebasti\u00e1n tuvo un claro vencedor: Eneko Goia. Enti\u00e9ndase por &#8220;vencedor&#8221; no al candidato que deja el plat\u00f3 convertido en ganador [&hellip;]<!-- AddThis Advanced Settings generic via filter on get_the_excerpt --><!-- AddThis Share Buttons generic via filter on get_the_excerpt --><\/p>\n","protected":false},"author":37,"featured_media":0,"comment_status":"open","ping_status":"closed","sticky":false,"template":"","format":"standard","meta":[],"categories":[2],"tags":[5],"_links":{"self":[{"href":"https:\/\/blogs.diariovasco.com\/eljukebox\/wp-json\/wp\/v2\/posts\/1447"}],"collection":[{"href":"https:\/\/blogs.diariovasco.com\/eljukebox\/wp-json\/wp\/v2\/posts"}],"about":[{"href":"https:\/\/blogs.diariovasco.com\/eljukebox\/wp-json\/wp\/v2\/types\/post"}],"author":[{"embeddable":true,"href":"https:\/\/blogs.diariovasco.com\/eljukebox\/wp-json\/wp\/v2\/users\/37"}],"replies":[{"embeddable":true,"href":"https:\/\/blogs.diariovasco.com\/eljukebox\/wp-json\/wp\/v2\/comments?post=1447"}],"version-history":[{"count":0,"href":"https:\/\/blogs.diariovasco.com\/eljukebox\/wp-json\/wp\/v2\/posts\/1447\/revisions"}],"wp:attachment":[{"href":"https:\/\/blogs.diariovasco.com\/eljukebox\/wp-json\/wp\/v2\/media?parent=1447"}],"wp:term":[{"taxonomy":"category","embeddable":true,"href":"https:\/\/blogs.diariovasco.com\/eljukebox\/wp-json\/wp\/v2\/categories?post=1447"},{"taxonomy":"post_tag","embeddable":true,"href":"https:\/\/blogs.diariovasco.com\/eljukebox\/wp-json\/wp\/v2\/tags?post=1447"}],"curies":[{"name":"wp","href":"https:\/\/api.w.org\/{rel}","templated":true}]}}