{"id":1453,"date":"2011-05-16T10:01:50","date_gmt":"2011-05-16T10:01:50","guid":{"rendered":"http:\/\/blogs.diariovasco.com\/eljukebox\/?p=1453"},"modified":"2011-05-16T10:01:50","modified_gmt":"2011-05-16T10:01:50","slug":"democracia_real_ya_pero_sin_prisas","status":"publish","type":"post","link":"https:\/\/blogs.diariovasco.com\/eljukebox\/2011\/05\/16\/democracia_real_ya_pero_sin_prisas\/","title":{"rendered":"Democracia real, ya, pero sin prisas"},"content":{"rendered":"<p>Las manifestaciones celebradas ayer en cincuenta ciudades espa\u00f1olas para reclamar una &#8220;democracia real, ya&#8221; constituyen un flagrante ataque contra los deseos, aspiraciones y, sobre todo, pr\u00e1cticas de la mayor\u00eda social de este pa\u00eds. Nuestro modelo para todo es una buena lavada de manos, consagrada en la famosa muletilla que ha acompa\u00f1ado al conflicto vasco durante d\u00e9cadas: &#8220;Que hablen entre todos y lo arreglen&#8221;. <\/p>\n<p>Nuestras relaciones de sumisi\u00f3n transcurren la mar de fluidas, pero la que mantenemos con la libertad est\u00e1 dominada por el conflicto. Nos sentimos permanentemente estafados, pero dada nuestra colaboraci\u00f3n necesaria en la comisi\u00f3n del delito, no acudimos a denunciarlo a comisar\u00eda, sino a una entidad bancaria a pedir un pr\u00e9stamo. <\/p>\n<p>Cuando proclamamos que &#8220;no somos mercanc\u00edas en manos de pol\u00edticos y banqueros&#8221; queremos resultar subversivos, pero nos quedamos en pat\u00e9ticos. Es obvio que no lo somos. Ninguna mercanc\u00eda participa activamente en el establecimiento de su propio precio de venta al p\u00fablico. <\/p>\n<p>Algunos quieren una democracia real ya, pero no considera necesario ejercerla. Democracia real ya, que se me acaba la bater\u00eda. En cualquier caso, la mayor\u00eda prefiere la versi\u00f3n actual, virtual e intermitente. Lo \u00faltimo que desea es ser convocada continuamente a consultas mediante refer\u00e9ndum o participar en elecciones primarias. Tambi\u00e9n las sindicales resultan f\u00e1cilmente esquivables. En cuanto a participar -no digamos presidir-, una reuni\u00f3n de vecinos de su comunidad, mejor ni hablamos. <\/p>\n<p>Nuestro ideal de democracia responde a la combinaci\u00f3n perfecta entre libertad e irresponsabilidad, revueltas, no agitadas. Su sublimaci\u00f3n es el mando a distancia, ese aparato que, entre la amplia oferta de canales disponibles, nos permite elegir siempre &#8216;\u00a1S\u00e1lvame!&#8217; y a continuaci\u00f3n, lamentar entre grandes signos de exclamaci\u00f3n: \u00a1c\u00f3mo est\u00e1 la telebasura!. La protesta tampoco se prolonga mucho en el tiempo porque, a continuaci\u00f3n y tras una breve pausa publicitaria, comienza el partido del siglo.<\/p>\n<!-- AddThis Advanced Settings generic via filter on the_content --><!-- AddThis Share Buttons generic via filter on the_content -->","protected":false},"excerpt":{"rendered":"<p>Las manifestaciones celebradas ayer en cincuenta ciudades espa\u00f1olas para reclamar una &#8220;democracia real, ya&#8221; constituyen un flagrante ataque contra los deseos, aspiraciones y, sobre todo, pr\u00e1cticas de la mayor\u00eda social de este pa\u00eds. Nuestro modelo para todo es una buena lavada de manos, consagrada en la famosa muletilla que ha acompa\u00f1ado al conflicto vasco durante [&hellip;]<!-- AddThis Advanced Settings generic via filter on get_the_excerpt --><!-- AddThis Share Buttons generic via filter on get_the_excerpt --><\/p>\n","protected":false},"author":37,"featured_media":0,"comment_status":"open","ping_status":"closed","sticky":false,"template":"","format":"standard","meta":[],"categories":[2],"tags":[5],"_links":{"self":[{"href":"https:\/\/blogs.diariovasco.com\/eljukebox\/wp-json\/wp\/v2\/posts\/1453"}],"collection":[{"href":"https:\/\/blogs.diariovasco.com\/eljukebox\/wp-json\/wp\/v2\/posts"}],"about":[{"href":"https:\/\/blogs.diariovasco.com\/eljukebox\/wp-json\/wp\/v2\/types\/post"}],"author":[{"embeddable":true,"href":"https:\/\/blogs.diariovasco.com\/eljukebox\/wp-json\/wp\/v2\/users\/37"}],"replies":[{"embeddable":true,"href":"https:\/\/blogs.diariovasco.com\/eljukebox\/wp-json\/wp\/v2\/comments?post=1453"}],"version-history":[{"count":0,"href":"https:\/\/blogs.diariovasco.com\/eljukebox\/wp-json\/wp\/v2\/posts\/1453\/revisions"}],"wp:attachment":[{"href":"https:\/\/blogs.diariovasco.com\/eljukebox\/wp-json\/wp\/v2\/media?parent=1453"}],"wp:term":[{"taxonomy":"category","embeddable":true,"href":"https:\/\/blogs.diariovasco.com\/eljukebox\/wp-json\/wp\/v2\/categories?post=1453"},{"taxonomy":"post_tag","embeddable":true,"href":"https:\/\/blogs.diariovasco.com\/eljukebox\/wp-json\/wp\/v2\/tags?post=1453"}],"curies":[{"name":"wp","href":"https:\/\/api.w.org\/{rel}","templated":true}]}}