{"id":1455,"date":"2011-05-18T10:03:07","date_gmt":"2011-05-18T10:03:07","guid":{"rendered":"http:\/\/blogs.diariovasco.com\/eljukebox\/?p=1455"},"modified":"2011-05-18T10:03:07","modified_gmt":"2011-05-18T10:03:07","slug":"sorbos_de_campana_vii_el_debate_foral","status":"publish","type":"post","link":"https:\/\/blogs.diariovasco.com\/eljukebox\/2011\/05\/18\/sorbos_de_campana_vii_el_debate_foral\/","title":{"rendered":"Sorbos de campa\u00f1a (VII): el debate foral"},"content":{"rendered":"<p>TeleDonosti reuni\u00f3 anoche a los candidatos a diputado general de Gipuzkoa Miguel Buen (PSE), Markel Olano (PNV), Martin Garitano (Bildu) y Juan Carlos Cano (PP) para que debatieran. Y contra todo pron\u00f3stico, lo hicieron.<\/p>\n<p>Hubo un tiempo en el que la Izquierda Abertzale atribu\u00eda la subida del precio de la barra del pan a la irresponsabilidad del Gobierno en las conversaciones de Argel. Veintitantos a\u00f1os despu\u00e9s, su discurso se suma al de todos aqu\u00e9llos que s\u00f3lo quieren hablar de &#8220;los problemas que realmente preocupan al ciudadano de a pie&#8221;.<\/p>\n<p>El debate arranc\u00f3 marcado por la desatada cordialidad del candidato de Bildu, cuyo exacerbado jatorrismo descoloc\u00f3 a algunos y exasper\u00f3 a otros. Durante toda la noche, derroch\u00f3 muestras de afecto hacia todos sus rivales, siendo el que estaba sentado m\u00e1s pr\u00f3ximo, Miguel Buen, su principal v\u00edctima. Baste decir que se tir\u00f3 todo el debate agarrando el brazo del candidato socialista en lo que parec\u00eda un sincero cari\u00f1o personal: &#8220;Mira, Miguel, reconoce que&#8230;&#8221; &#8220;hombre, Miguel, me admitir\u00e1s que&#8230;&#8221;.<\/p>\n<p>El candidato del PP, que tampoco se libr\u00f3 de ser tildado familiarmente de &#8216;Juan Carlos&#8217; en repetidas ocasiones, hizo un amago de rebelarse contra esa extra\u00f1a situaci\u00f3n y estuvo al borde de soltar alg\u00fan exabrupto, tipo: &#8220;Garitano, no me esperaba esto de ti&#8221;.<\/p>\n<p>En cuanto al contenido en s\u00ed de la charla, sirvi\u00f3 para reiterar que incineradora, puerto exterior, Metro donostiarra y ampliaci\u00f3n del aeropuerto cuentan con el apoyo de PNV, PSE y PP, y el rechazo de Bildu. Por lo dem\u00e1s, los candidatos se sinceraron al explicar en qu\u00e9 consiste &#8216;democracia real&#8217; de la verdadera. <\/p>\n<p>As\u00ed, el PSE acus\u00f3 a Olano de ausencia de gesti\u00f3n, pero justific\u00f3 el apoyo prestado a sus presupuestos como un ejercicio de responsabilidad. El PP descalific\u00f3 a los socialistas, pero su sentido de pa\u00eds les obliga a respaldarle en el Gobierno Vasco. En cuanto a Olano, calific\u00f3 repetidamente de &#8220;nefasta&#8221; la pol\u00edtica econ\u00f3mica de Zapatero, pero aclar\u00f3 que el PNV le dar\u00e1 sus votos en el Parlamento porque lo contrario obligar\u00eda a adelantar las elecciones, lo cual perjudicar\u00eda el proceso de pacificaci\u00f3n.<\/p>\n<p>En resumen, llegadas las elecciones, cada candidato considera a sus rivales unos ineptos a los que, una vez cerradas las urnas, ayudar\u00e1 a poner en marcha su catastr\u00f3fico programa pol\u00edtico, desde el altruismo, la responsabilidad democr\u00e1tica y, en definitiva, el amor al pa\u00eds.<\/p>\n<p>Cuando el debate concluy\u00f3, la sensaci\u00f3n era de que Buen, Olano y Cano respiraban aliviados, conscientes de que se hab\u00edan librado por los pelos de acabar cantando &#8216;Lepoan hartu ta segi aurrera&#8217; del brazo de Martin Garitano. Los tres sospechan que quiz\u00e1s la pr\u00f3xima vez no tengan tanta suerte y acaben sucumbiend al clima de sana rivalidad y franca camarader\u00eda que el candidato e Bildu se esforz\u00f3 pacientemente en tejer a su alrededor.<\/p>\n<!-- AddThis Advanced Settings generic via filter on the_content --><!-- AddThis Share Buttons generic via filter on the_content -->","protected":false},"excerpt":{"rendered":"<p>TeleDonosti reuni\u00f3 anoche a los candidatos a diputado general de Gipuzkoa Miguel Buen (PSE), Markel Olano (PNV), Martin Garitano (Bildu) y Juan Carlos Cano (PP) para que debatieran. Y contra todo pron\u00f3stico, lo hicieron. Hubo un tiempo en el que la Izquierda Abertzale atribu\u00eda la subida del precio de la barra del pan a la [&hellip;]<!-- AddThis Advanced Settings generic via filter on get_the_excerpt --><!-- AddThis Share Buttons generic via filter on get_the_excerpt --><\/p>\n","protected":false},"author":37,"featured_media":0,"comment_status":"open","ping_status":"closed","sticky":false,"template":"","format":"standard","meta":[],"categories":[2],"tags":[5],"_links":{"self":[{"href":"https:\/\/blogs.diariovasco.com\/eljukebox\/wp-json\/wp\/v2\/posts\/1455"}],"collection":[{"href":"https:\/\/blogs.diariovasco.com\/eljukebox\/wp-json\/wp\/v2\/posts"}],"about":[{"href":"https:\/\/blogs.diariovasco.com\/eljukebox\/wp-json\/wp\/v2\/types\/post"}],"author":[{"embeddable":true,"href":"https:\/\/blogs.diariovasco.com\/eljukebox\/wp-json\/wp\/v2\/users\/37"}],"replies":[{"embeddable":true,"href":"https:\/\/blogs.diariovasco.com\/eljukebox\/wp-json\/wp\/v2\/comments?post=1455"}],"version-history":[{"count":0,"href":"https:\/\/blogs.diariovasco.com\/eljukebox\/wp-json\/wp\/v2\/posts\/1455\/revisions"}],"wp:attachment":[{"href":"https:\/\/blogs.diariovasco.com\/eljukebox\/wp-json\/wp\/v2\/media?parent=1455"}],"wp:term":[{"taxonomy":"category","embeddable":true,"href":"https:\/\/blogs.diariovasco.com\/eljukebox\/wp-json\/wp\/v2\/categories?post=1455"},{"taxonomy":"post_tag","embeddable":true,"href":"https:\/\/blogs.diariovasco.com\/eljukebox\/wp-json\/wp\/v2\/tags?post=1455"}],"curies":[{"name":"wp","href":"https:\/\/api.w.org\/{rel}","templated":true}]}}