{"id":1459,"date":"2011-05-24T10:04:11","date_gmt":"2011-05-24T10:04:11","guid":{"rendered":"http:\/\/blogs.diariovasco.com\/eljukebox\/?p=1459"},"modified":"2011-05-24T10:04:11","modified_gmt":"2011-05-24T10:04:11","slug":"spanishiltonrevolution_inventario_antes","status":"publish","type":"post","link":"https:\/\/blogs.diariovasco.com\/eljukebox\/2011\/05\/24\/spanishiltonrevolution_inventario_antes\/","title":{"rendered":"#spanishhiltonrevolution: inventario antes de liquidaci\u00f3n"},"content":{"rendered":"<p>1) Si \u00e9ste fuera un blog serio, el autor hace tiempo que se hubiera sumado al spa declarativo que -bien es cierto que con decreciente entusiasmo- lleva una semana masajeando a los acampados en favor de una democracia real ya. Hubiera bastado con tener un m\u00ednimo de perspectiva de futuro: cada vez que veo a un &#8216;indignado&#8217; dirigirse a la masa, micr\u00f3fono en mano, s\u00e9 que estoy ante uno de los l\u00edderes del futuro, desde la certeza de que llegar\u00e1 el d\u00eda en el que volver\u00e1 a cruzarse en mi vida, esta vez en forma de director de entidad bancaria, concejal de Urbanismo, eurodiputado o jefe de redacci\u00f3n.&nbsp; En el momento en el que el &#8216;cabecilla&#8217; decida que ha llegado la hora de &#8220;luchar contra el sistema, esta vez, desde dentro&#8221;, pasar\u00e9 a considerarme de inmediato una de sus v\u00edctimas potenciales. <\/p>\n<p>2) Los l\u00edderes de la #spanishhiltonrevolution ya han demostrado en apenas una semana una notable capacidad para la generaci\u00f3n y propagaci\u00f3n del cinismo. Mientras con la mano derecha se niegan a comentar los resultados de los comicios &#8220;porque es algo que no tiene nada que ver con nosotros&#8221;, con la izquierda van anunciando que, pasado el 22-M, volver\u00e1n con nuevas acampadas en el futuro, siempre en funci\u00f3n del calendario electoral. Surfistas con una amplia experiencia en las mejores playas, han aprovechado hasta la \u00faltima ola electoral. Ahora que baja la marea, recogen la tabla y anuncian que regresar\u00e1n cuando los medios de comunicaci\u00f3n -ese gran enemigo- vuelvan a garantizarles una buenas crestas.<\/p>\n<p>3) Las acampadas de la indignaci\u00f3n han sido variaciones sobre el formato tradicional del telemarat\u00f3n solidario. Su programa de actividades diarias ha resultado tan abigarrado como el de cualquier Ciudad de Vacaciones: asambleas, comisiones, guarder\u00edas, convocatorias y colocaci\u00f3n de carteles anunciando todo lo anterior se han ocupado de mantener unos niveles de entretenimiento m\u00e1s que aceptables. Frente a la actitud garbancera de ir a votar, los acampados han apostado por lo m\u00e1s moderno: desplegar una actividad fren\u00e9tica para no hacer nada. Hay ejecutivos que han convertido este procedimiento en una forma de vida. Y se han hecho de oro.<\/p>\n<p>4) Pese a su nula incidencia sobre los resultados electorales que determinar\u00e1n los pr\u00f3ximos cuatro a\u00f1os, hay que admitir que la #spanishhiltonrevolution ha rozado la utop\u00eda con la punta de los dedos: para el recuerdo quedan esos momentos asamblearios en el que estuvo a punto de conseguir lo imposible, esto es, parodiar &#8216;La vida de Brian&#8217;. En cuanto a la acci\u00f3n puramente pol\u00edtica, su desd\u00e9n hacia los partidos choca con la evidencia de que \u00e9stos podr\u00edan sobrevivir sin aqu\u00e9llos, pero no a la inversa. Por otra parte, ha sido tanta la insistencia de los 15-M en desmarcarse de los &#8216;antisistema&#8217; que el gran perjudicado de todo esto ha sido la Internacional perrofl\u00e1utica, a cuyo<br \/>\ndesprestigio nadie hab\u00eda contribuido antes tanto.<\/p>\n<p>5) El resto del programa reivindicativo de la indignaci\u00f3n queda aplazado hasta mejor ocasi\u00f3n. Al fin y al cabo, cuando la miss de turno sit\u00faa a la cabeza de sus anhelos la paz en el mundo y acabar con el hambre infantil nadie espera que empiece a realizar grandes donaciones en met\u00e1lico. Los 15-M sobrevivir\u00e1n a toda clase de cr\u00edticas, pero acabar\u00e1n sucumbiendo al tsunami de halagos que de forma inmisericorde les han propinado durante toda una semana y seguir\u00e1n padeciendo en el futuro, y encima, desde los espacios ideol\u00f3gicos m\u00e1s insospechados.<\/p>\n<!-- AddThis Advanced Settings generic via filter on the_content --><!-- AddThis Share Buttons generic via filter on the_content -->","protected":false},"excerpt":{"rendered":"<p>1) Si \u00e9ste fuera un blog serio, el autor hace tiempo que se hubiera sumado al spa declarativo que -bien es cierto que con decreciente entusiasmo- lleva una semana masajeando a los acampados en favor de una democracia real ya. Hubiera bastado con tener un m\u00ednimo de perspectiva de futuro: cada vez que veo a [&hellip;]<!-- AddThis Advanced Settings generic via filter on get_the_excerpt --><!-- AddThis Share Buttons generic via filter on get_the_excerpt --><\/p>\n","protected":false},"author":37,"featured_media":0,"comment_status":"open","ping_status":"closed","sticky":false,"template":"","format":"standard","meta":[],"categories":[2],"tags":[5],"_links":{"self":[{"href":"https:\/\/blogs.diariovasco.com\/eljukebox\/wp-json\/wp\/v2\/posts\/1459"}],"collection":[{"href":"https:\/\/blogs.diariovasco.com\/eljukebox\/wp-json\/wp\/v2\/posts"}],"about":[{"href":"https:\/\/blogs.diariovasco.com\/eljukebox\/wp-json\/wp\/v2\/types\/post"}],"author":[{"embeddable":true,"href":"https:\/\/blogs.diariovasco.com\/eljukebox\/wp-json\/wp\/v2\/users\/37"}],"replies":[{"embeddable":true,"href":"https:\/\/blogs.diariovasco.com\/eljukebox\/wp-json\/wp\/v2\/comments?post=1459"}],"version-history":[{"count":0,"href":"https:\/\/blogs.diariovasco.com\/eljukebox\/wp-json\/wp\/v2\/posts\/1459\/revisions"}],"wp:attachment":[{"href":"https:\/\/blogs.diariovasco.com\/eljukebox\/wp-json\/wp\/v2\/media?parent=1459"}],"wp:term":[{"taxonomy":"category","embeddable":true,"href":"https:\/\/blogs.diariovasco.com\/eljukebox\/wp-json\/wp\/v2\/categories?post=1459"},{"taxonomy":"post_tag","embeddable":true,"href":"https:\/\/blogs.diariovasco.com\/eljukebox\/wp-json\/wp\/v2\/tags?post=1459"}],"curies":[{"name":"wp","href":"https:\/\/api.w.org\/{rel}","templated":true}]}}