{"id":1463,"date":"2011-05-29T12:00:02","date_gmt":"2011-05-29T12:00:02","guid":{"rendered":"http:\/\/blogs.diariovasco.com\/eljukebox\/?p=1463"},"modified":"2011-05-29T12:00:02","modified_gmt":"2011-05-29T12:00:02","slug":"no_hay_defensa_que_pueda_con_interior","status":"publish","type":"post","link":"https:\/\/blogs.diariovasco.com\/eljukebox\/2011\/05\/29\/no_hay_defensa_que_pueda_con_interior\/","title":{"rendered":"No hay Defensa que pueda con Interior"},"content":{"rendered":"<p><P>Bajo un enga\u00f1oso t\u00edtulo que tan s\u00f3lo busca atraer a los aficionados del Bar\u00e7a, el post abordar\u00e1 el encumbramiento de Rubalcaba como candidato a la Presidencia del Gobierno espa\u00f1ol. <\/P><br \/>\n<P>Vaya por delante que la previsible designaci\u00f3n de Alfredo P\u00e9rez supone la culminaci\u00f3n de una tendencia \u00fanica en Europa -hasta la llegada de Sarkozy- que convert\u00eda de forma autom\u00e1tica y por arte de magia al titular de Interior en el ministro mejor valorado de cualquier Gobierno, un fen\u00f3meno del que hist\u00f3ricamente se beneficiaron estadistas de la talla de Mart\u00edn Villa, Barrionuevo, Corcuera o&nbsp;Mayor Oreja, por citar tan s\u00f3lo a algunos ejemplos ilustrativos del dislate espa\u00f1ol.<\/P><br \/>\n<P>A pesar de que \u00c1lex de la Iglesia ya retrat\u00f3 en &#8216;Acci\u00f3n mutante&#8217;&nbsp;los innumerables inconvenientes que para un siam\u00e9s supone vivir arrastrando el cad\u00e1ver de su hermano, el PSOE ha elegido un candidato vivo para interpretar la partitura de un muerto.&nbsp;Aunque, por otra parte, proclamar, como ha hecho Rubalcaba, su plena identificaci\u00f3n con todas las medidas que ha tomado Zapatero, &#8220;de la primera a la \u00faltima&#8221;, revela un cierto brote esquizoide, dado el car\u00e1cter err\u00e1tico y imprevisible de las pol\u00edticas acometidas por el todav\u00eda presidente.<\/P><br \/>\n<P>El Cid gan\u00f3 un batalla despu\u00e9s de muerto. Los socialistas apuestan por cambiar de caballo en plena carrera para que otro la pierda en el nombre del ZP Campeador, \u00fanico presidente de Gobierno que jam\u00e1s ser\u00e1 derrotado en unos comicios.<\/P><br \/>\n<P>A destacar el papel\u00f3n jugado en la previa del comit\u00e9 federal de ayer por&nbsp;otro l\u00edder emergente, PatxiLo, cuya &#8216;power balance&#8217; ha conseguido que el m\u00e1ximo \u00f3rgano&nbsp;socialista entre congresos repase todas y cada una de las derrotas&nbsp;territoriales cosechadas el&nbsp;pasado domingo, salvo la del Pa\u00eds Vasco, convertida en&nbsp;un secreto de&nbsp;estado.&nbsp;<\/P><br \/>\n<P>En cuanto a Carme Chac\u00f3n, simplemente, ha sido v\u00edctima del c\u00e9lebre lema del implacable&nbsp;Rubalcaba: &#8220;O votos o bombas&#8221;. La ministra de Defensa se encuentra embarcada en varios&nbsp;bombardeos de paz. En las fotograf\u00edas, aparece&nbsp;con la mirada&nbsp;fijamente perdida en el a\u00f1o que viene. Todo lo que se interpone entre la actualidad y 2012 es invisible a sus ojos.&nbsp;<\/P><\/p>\n<!-- AddThis Advanced Settings generic via filter on the_content --><!-- AddThis Share Buttons generic via filter on the_content -->","protected":false},"excerpt":{"rendered":"<p>Bajo un enga\u00f1oso t\u00edtulo que tan s\u00f3lo busca atraer a los aficionados del Bar\u00e7a, el post abordar\u00e1 el encumbramiento de Rubalcaba como candidato a la Presidencia del Gobierno espa\u00f1ol. Vaya por delante que la previsible designaci\u00f3n de Alfredo P\u00e9rez supone la culminaci\u00f3n de una tendencia \u00fanica en Europa -hasta la llegada de Sarkozy- que convert\u00eda [&hellip;]<!-- AddThis Advanced Settings generic via filter on get_the_excerpt --><!-- AddThis Share Buttons generic via filter on get_the_excerpt --><\/p>\n","protected":false},"author":37,"featured_media":0,"comment_status":"open","ping_status":"closed","sticky":false,"template":"","format":"standard","meta":[],"categories":[2],"tags":[5],"_links":{"self":[{"href":"https:\/\/blogs.diariovasco.com\/eljukebox\/wp-json\/wp\/v2\/posts\/1463"}],"collection":[{"href":"https:\/\/blogs.diariovasco.com\/eljukebox\/wp-json\/wp\/v2\/posts"}],"about":[{"href":"https:\/\/blogs.diariovasco.com\/eljukebox\/wp-json\/wp\/v2\/types\/post"}],"author":[{"embeddable":true,"href":"https:\/\/blogs.diariovasco.com\/eljukebox\/wp-json\/wp\/v2\/users\/37"}],"replies":[{"embeddable":true,"href":"https:\/\/blogs.diariovasco.com\/eljukebox\/wp-json\/wp\/v2\/comments?post=1463"}],"version-history":[{"count":0,"href":"https:\/\/blogs.diariovasco.com\/eljukebox\/wp-json\/wp\/v2\/posts\/1463\/revisions"}],"wp:attachment":[{"href":"https:\/\/blogs.diariovasco.com\/eljukebox\/wp-json\/wp\/v2\/media?parent=1463"}],"wp:term":[{"taxonomy":"category","embeddable":true,"href":"https:\/\/blogs.diariovasco.com\/eljukebox\/wp-json\/wp\/v2\/categories?post=1463"},{"taxonomy":"post_tag","embeddable":true,"href":"https:\/\/blogs.diariovasco.com\/eljukebox\/wp-json\/wp\/v2\/tags?post=1463"}],"curies":[{"name":"wp","href":"https:\/\/api.w.org\/{rel}","templated":true}]}}