{"id":1464,"date":"2011-05-30T09:50:27","date_gmt":"2011-05-30T09:50:27","guid":{"rendered":"http:\/\/blogs.diariovasco.com\/eljukebox\/?p=1464"},"modified":"2011-05-30T09:50:27","modified_gmt":"2011-05-30T09:50:27","slug":"nunca_estuvo_tan_claro_que_aun_no_se_sab","status":"publish","type":"post","link":"https:\/\/blogs.diariovasco.com\/eljukebox\/2011\/05\/30\/nunca_estuvo_tan_claro_que_aun_no_se_sab\/","title":{"rendered":"Nunca estuvo tan claro que a\u00fan no se sabe nada"},"content":{"rendered":"<p>En las democracias modernas que se desarrollan en la sociedad del conocimiento, la velocidad en el recuento de los votos es directamente proporcional a la lentitud en la identificacion del vencedor. Una semana despu\u00e9s de la celebraci\u00f3n de los comicios, en Gipuzkoa ya sabemos cu\u00e1les fueron las listas m\u00e1s votadas, aunque todav\u00eda ignoramos cu\u00e1les fueron las vencedoras.<\/p>\n<p>El 22-M ayud\u00f3 sin duda a clarificar el mapa electoral, pero convirti\u00f3 el pol\u00edtico en un arcano indescifrable en el que todas las formaciones han mostrado ya su disposici\u00f3n a alcanzar acuerdos entre diferentes, siempre que \u00e9stos se asienten sobre las bases de su propio programa.<\/p>\n<p>Quien gan\u00f3 en votos esgrime el apoyo de los votantes, a la vez que quien obtuvo menos sufragios apela al respaldo mayoritario a sus proyectos. Si hubiera que reducir todas las posible alternativas a una f\u00f3rmula matem\u00e1tica, no habr\u00eda pizarra con capacidad suficiente para albergar el enunciado de que A pactar\u00e1 con B en X y en Y siempre que no se excluya a C, teniendo en cuenta que B mantiene compromisos ineludibles en Z con D y no digamos con E. En cuanto a B, ya ha mostrado su disposici\u00f3n a todo.<\/p>\n<p>Hay partidos que han advertido que volver\u00edamos a la Edad de Piedra si no se llevaran a cabo de inmediato los proyectos estrat\u00e9gicos cuya ejecuci\u00f3n ellos mismos han postergado durante varios lustros, de lo que cabe concluir que sin haber salido jam\u00e1s del Neol\u00edtico, nos disponemos a interpretar nuestra propia versi\u00f3n de &#8216;Regreso al futuro&#8217;. <\/p>\n<p>En cuanto a los mensajes de profunda preocupaci\u00f3n que algunas formaciones pol\u00edticas aseguran haber recibido de parte de los empresarios, confieso que se me escapa el alcance \u00faltimo de esta maniobra, pero sospecho que las asociaciones de pensionistas, por citar un ejemplo, podr\u00edan hacer lo propio respecto de una eventual victoria de Mariano Rajoy en marzo.<br \/>&nbsp;<br \/>En definitiva, que si pol\u00edticamente estamos en un l\u00edo, institucionalmente nos encontramos en un embrollo. Cabe confiar en que cunda la responsabilidad pol\u00edtica de manera que la tradicional f\u00f3rmula de intercambio de principios irrenunciables por cargos de la m\u00e1xima responsabilidad -y sobre todo, rentabilidad-, nos permita retornar a la senda de la prosperidad y del crecimiento econ\u00f3mico. <\/p>\n<p>Si alg\u00fan lector ha llegado hasta este punto del texto y a pesar de todo, cree haber comprendido algo, se ruega que lo explique, desde la certeza de que siempre le estaremos profundamente agradecidos, hasta el punto de que depositaremos en su persona nuestra confianza pol\u00edtica en futuras ocasiones.<\/p>\n<!-- AddThis Advanced Settings generic via filter on the_content --><!-- AddThis Share Buttons generic via filter on the_content -->","protected":false},"excerpt":{"rendered":"<p>En las democracias modernas que se desarrollan en la sociedad del conocimiento, la velocidad en el recuento de los votos es directamente proporcional a la lentitud en la identificacion del vencedor. Una semana despu\u00e9s de la celebraci\u00f3n de los comicios, en Gipuzkoa ya sabemos cu\u00e1les fueron las listas m\u00e1s votadas, aunque todav\u00eda ignoramos cu\u00e1les fueron [&hellip;]<!-- AddThis Advanced Settings generic via filter on get_the_excerpt --><!-- AddThis Share Buttons generic via filter on get_the_excerpt --><\/p>\n","protected":false},"author":37,"featured_media":0,"comment_status":"open","ping_status":"closed","sticky":false,"template":"","format":"standard","meta":[],"categories":[2],"tags":[5],"_links":{"self":[{"href":"https:\/\/blogs.diariovasco.com\/eljukebox\/wp-json\/wp\/v2\/posts\/1464"}],"collection":[{"href":"https:\/\/blogs.diariovasco.com\/eljukebox\/wp-json\/wp\/v2\/posts"}],"about":[{"href":"https:\/\/blogs.diariovasco.com\/eljukebox\/wp-json\/wp\/v2\/types\/post"}],"author":[{"embeddable":true,"href":"https:\/\/blogs.diariovasco.com\/eljukebox\/wp-json\/wp\/v2\/users\/37"}],"replies":[{"embeddable":true,"href":"https:\/\/blogs.diariovasco.com\/eljukebox\/wp-json\/wp\/v2\/comments?post=1464"}],"version-history":[{"count":0,"href":"https:\/\/blogs.diariovasco.com\/eljukebox\/wp-json\/wp\/v2\/posts\/1464\/revisions"}],"wp:attachment":[{"href":"https:\/\/blogs.diariovasco.com\/eljukebox\/wp-json\/wp\/v2\/media?parent=1464"}],"wp:term":[{"taxonomy":"category","embeddable":true,"href":"https:\/\/blogs.diariovasco.com\/eljukebox\/wp-json\/wp\/v2\/categories?post=1464"},{"taxonomy":"post_tag","embeddable":true,"href":"https:\/\/blogs.diariovasco.com\/eljukebox\/wp-json\/wp\/v2\/tags?post=1464"}],"curies":[{"name":"wp","href":"https:\/\/api.w.org\/{rel}","templated":true}]}}