{"id":1469,"date":"2011-06-21T09:57:04","date_gmt":"2011-06-21T09:57:04","guid":{"rendered":"http:\/\/blogs.diariovasco.com\/eljukebox\/?p=1469"},"modified":"2011-06-21T09:57:04","modified_gmt":"2011-06-21T09:57:04","slug":"sin_ti_no_soy_nada_y_contigo_tampoco","status":"publish","type":"post","link":"https:\/\/blogs.diariovasco.com\/eljukebox\/2011\/06\/21\/sin_ti_no_soy_nada_y_contigo_tampoco\/","title":{"rendered":"Sin ti no soy nada y contigo, tampoco"},"content":{"rendered":"<p><P>Cumplida la promesa de mantener la mente en blanco desde comienzos de junio, ya puedo anunciar que el experimento ha resultado todo un \u00e9xito, pues si bien no me ha ayudado un \u00e1pice en la comprensi\u00f3n del mundo, s\u00ed que me ha permitido mejorar notablemente mis capacidades adaptativas a sus siempre&nbsp;extra\u00f1as circunstancias.<\/P><br \/>\n<P>Tras aplicarme la funci\u00f3n reiniciar, descubro que el 15-M &#8211; denominaci\u00f3n que prefiero frente a la &#8216;Indignaos&#8217;, que por razones&nbsp;logop\u00e9dicas vinculo mentalmente a Pepe Bono-&nbsp;contin\u00faa entregado a la pr\u00e1ctica del ciclostatic, ejercicio que si bien no lleva a ninguna parte, cuenta cada d\u00eda con m\u00e1s adeptos, qui\u00e9n sabe si precisamente por eso mismo. Las etapas con salida y meta propician abandonos masivos en plena carrera, apenas comienzan las primeras rampas.<\/P><br \/>\n<P>Leo tambi\u00e9n que es tal la energ\u00eda que desprenden las movilizaciones est\u00e1ticas que incluso un grupo como Amaral ha sentido&nbsp;su influjo durante la grabaci\u00f3n de su nuevo disco, que se&nbsp;titular\u00e1 &#8216;Hacia lo salvaje&#8217;, algo as\u00ed como si Metallica sacara &#8216;A las cinco en el Bule mientras te hac\u00edas la dormida&#8217;, bajo la coartada de haber registrado todas&nbsp;las canciones en Las Landas. Sin abandonar el terreno musical, la \u00fanica componente de Russian Red anuncia que es m\u00e1s bien de derechas, declaraciones ambiguas hoy en d\u00eda, pero que permiten descartar a&nbsp;Rajoy como su l\u00edder pol\u00edtico mejor valorado y dejan a Putin como \u00fanica opci\u00f3n de voto.<\/P><br \/>\n<P>En cuanto a la macroeconom\u00eda, est\u00e1 todo tan revuelto que afloran las revelaciones luminosas. Por ejemplo, Grecia s\u00f3lo recibir\u00e1 m\u00e1s pr\u00e9stamos si deja de falsear sus cuentas y cumple las condiciones del prestamista, de normal, draconianas. A esto ahora se le llama agresi\u00f3n a la soberan\u00eda. Descubro con estupor que todos llevamos la vida entera soportando semejante r\u00e9gimen de intercambio.<\/P><br \/>\n<P>En cuanto me entere de m\u00e1s cosas, seguir\u00e9 escribiendo. Por lo dem\u00e1s, debo comunicar que, am\u00e9n de otras diferencias, entre Strauss-Kahn y un servidor hay una brecha insalvable. En sus hoteles, el servicio de limpieza irrumpe en la habitaci\u00f3n cuando el hu\u00e9sped se encuentra a\u00fan dentro. En mi caso, jam\u00e1s lo hace. En alg\u00fan caso, sospecho que ni&nbsp;una vez que ya me he ausentado.<\/P><\/p>\n<!-- AddThis Advanced Settings generic via filter on the_content --><!-- AddThis Share Buttons generic via filter on the_content -->","protected":false},"excerpt":{"rendered":"<p>Cumplida la promesa de mantener la mente en blanco desde comienzos de junio, ya puedo anunciar que el experimento ha resultado todo un \u00e9xito, pues si bien no me ha ayudado un \u00e1pice en la comprensi\u00f3n del mundo, s\u00ed que me ha permitido mejorar notablemente mis capacidades adaptativas a sus siempre&nbsp;extra\u00f1as circunstancias. Tras aplicarme la [&hellip;]<!-- AddThis Advanced Settings generic via filter on get_the_excerpt --><!-- AddThis Share Buttons generic via filter on get_the_excerpt --><\/p>\n","protected":false},"author":37,"featured_media":0,"comment_status":"open","ping_status":"closed","sticky":false,"template":"","format":"standard","meta":[],"categories":[2],"tags":[5],"_links":{"self":[{"href":"https:\/\/blogs.diariovasco.com\/eljukebox\/wp-json\/wp\/v2\/posts\/1469"}],"collection":[{"href":"https:\/\/blogs.diariovasco.com\/eljukebox\/wp-json\/wp\/v2\/posts"}],"about":[{"href":"https:\/\/blogs.diariovasco.com\/eljukebox\/wp-json\/wp\/v2\/types\/post"}],"author":[{"embeddable":true,"href":"https:\/\/blogs.diariovasco.com\/eljukebox\/wp-json\/wp\/v2\/users\/37"}],"replies":[{"embeddable":true,"href":"https:\/\/blogs.diariovasco.com\/eljukebox\/wp-json\/wp\/v2\/comments?post=1469"}],"version-history":[{"count":0,"href":"https:\/\/blogs.diariovasco.com\/eljukebox\/wp-json\/wp\/v2\/posts\/1469\/revisions"}],"wp:attachment":[{"href":"https:\/\/blogs.diariovasco.com\/eljukebox\/wp-json\/wp\/v2\/media?parent=1469"}],"wp:term":[{"taxonomy":"category","embeddable":true,"href":"https:\/\/blogs.diariovasco.com\/eljukebox\/wp-json\/wp\/v2\/categories?post=1469"},{"taxonomy":"post_tag","embeddable":true,"href":"https:\/\/blogs.diariovasco.com\/eljukebox\/wp-json\/wp\/v2\/tags?post=1469"}],"curies":[{"name":"wp","href":"https:\/\/api.w.org\/{rel}","templated":true}]}}