{"id":1470,"date":"2011-06-22T09:55:27","date_gmt":"2011-06-22T09:55:27","guid":{"rendered":"http:\/\/blogs.diariovasco.com\/eljukebox\/?p=1470"},"modified":"2011-06-22T09:55:27","modified_gmt":"2011-06-22T09:55:27","slug":"el_enemigo_es_el_mejor_amigo_del_hombre","status":"publish","type":"post","link":"https:\/\/blogs.diariovasco.com\/eljukebox\/2011\/06\/22\/el_enemigo_es_el_mejor_amigo_del_hombre\/","title":{"rendered":"El enemigo es el mejor amigo del hombre"},"content":{"rendered":"<p><P>Bildu es esa imprevisible formaci\u00f3n pol\u00edtica que lo mismo veta la entrada al Ayuntamiento a los escoltas de los amenazados que invita a uno de ellos a sumarse a la delegaci\u00f3n que defender\u00e1 la candidatura 2016 de la ciudad.<\/P><br \/>\n<P>Bien sea porque se trata de un integrador incorregible, bien porque desde su condici\u00f3n de facultativo est\u00e1 acostumbrado a derivar pacientes al especialista, bien porque a\u00fan lo ignora todo en torno a Donostia 2016, el nuevo alcalde donostiarra, &#8216;Txapela&#8217; -en adelante,&nbsp;Juan Carlos Izagirre-, ha invitado a Od\u00f3n Elorza a sumarse como un solo hombre a la delegaci\u00f3n que el lunes combatir\u00e1 en Madrid.<\/P><br \/>\n<P>He aqu\u00ed una lecci\u00f3n de vida. Apenas acabas de demostrar que no sabes irte y ya te est\u00e1n brindando la oportunidad de demostrar que sabes volver. Tus rivales, por supuesto. Cuando tus amigos te han abandonado, ellos permanecen a tu lado.&nbsp;En pol\u00edtica y en periodismo, lo importante es tener enemigos en todo el arco parlamentario. <\/P><br \/>\n<P>En campa\u00f1a, dijo Elorza que \u00e9l mismo era su peor enemigo. Acert\u00f3. Si hubiera incurrido en el desliz de mencionar a su segundo peor enemigo,&nbsp;no hubiera podido omitir&nbsp;a sus compa\u00f1eros de partido. Y aunque llegar parece f\u00e1cil y&nbsp;lo complicado siempre ser\u00e1 saber marcharse con decoro, hay que reconocer que&nbsp;Izagirre&nbsp;se las ha arreglado para que un desembarco parezca un partido de golf. Ayer mismo, la inauguraci\u00f3n de los Cursos de Verano de la UPV reuni\u00f3 a dos cargos p\u00fablicos: uno jam\u00e1s ha trabajado al margen de la pol\u00edtica y el otro s\u00ed; uno nunca ha ganado unas elecciones y el otro s\u00ed. Dicho lo cual, Izagirre escuch\u00f3 atentamente los sabios consejos democr\u00e1ticos del lehendakari.<\/P><br \/>\n<P>En efecto, alg\u00fan d\u00eda habr\u00e1 que establecer un relato m\u00ednimo com\u00fan m\u00faltiple sobre lo acontecido en el Pa\u00eds Vasco en las \u00faltimas d\u00e9cadas, pero parece que son asuntos en los que no corre prisa. Hace unos&nbsp;d\u00edas&nbsp;la nieta de Franco asisti\u00f3 en calidad de invitada a la inauguraci\u00f3n del Museo Balenciaga. All\u00ed estaban Jaime de Marichalar y Nati Abascal. Al parecer, aquello fue un &#8216;\u00a1Hola!&#8217; de Energ\u00eda Ciudadana. Puede que las culpas no se hereden, pero confi\u00e1bamos en que las prebendas, tampoco. La cultura nos har\u00e1 mejores personas,&nbsp;pero recurriremos a las importaciones para que&nbsp;los niveles de&nbsp;tufo y zafiedad se mantengan dentro de los par\u00e1metros habituales.<\/P><\/p>\n<!-- AddThis Advanced Settings generic via filter on the_content --><!-- AddThis Share Buttons generic via filter on the_content -->","protected":false},"excerpt":{"rendered":"<p>Bildu es esa imprevisible formaci\u00f3n pol\u00edtica que lo mismo veta la entrada al Ayuntamiento a los escoltas de los amenazados que invita a uno de ellos a sumarse a la delegaci\u00f3n que defender\u00e1 la candidatura 2016 de la ciudad. Bien sea porque se trata de un integrador incorregible, bien porque desde su condici\u00f3n de facultativo [&hellip;]<!-- AddThis Advanced Settings generic via filter on get_the_excerpt --><!-- AddThis Share Buttons generic via filter on get_the_excerpt --><\/p>\n","protected":false},"author":37,"featured_media":0,"comment_status":"open","ping_status":"closed","sticky":false,"template":"","format":"standard","meta":[],"categories":[2],"tags":[5],"_links":{"self":[{"href":"https:\/\/blogs.diariovasco.com\/eljukebox\/wp-json\/wp\/v2\/posts\/1470"}],"collection":[{"href":"https:\/\/blogs.diariovasco.com\/eljukebox\/wp-json\/wp\/v2\/posts"}],"about":[{"href":"https:\/\/blogs.diariovasco.com\/eljukebox\/wp-json\/wp\/v2\/types\/post"}],"author":[{"embeddable":true,"href":"https:\/\/blogs.diariovasco.com\/eljukebox\/wp-json\/wp\/v2\/users\/37"}],"replies":[{"embeddable":true,"href":"https:\/\/blogs.diariovasco.com\/eljukebox\/wp-json\/wp\/v2\/comments?post=1470"}],"version-history":[{"count":0,"href":"https:\/\/blogs.diariovasco.com\/eljukebox\/wp-json\/wp\/v2\/posts\/1470\/revisions"}],"wp:attachment":[{"href":"https:\/\/blogs.diariovasco.com\/eljukebox\/wp-json\/wp\/v2\/media?parent=1470"}],"wp:term":[{"taxonomy":"category","embeddable":true,"href":"https:\/\/blogs.diariovasco.com\/eljukebox\/wp-json\/wp\/v2\/categories?post=1470"},{"taxonomy":"post_tag","embeddable":true,"href":"https:\/\/blogs.diariovasco.com\/eljukebox\/wp-json\/wp\/v2\/tags?post=1470"}],"curies":[{"name":"wp","href":"https:\/\/api.w.org\/{rel}","templated":true}]}}