{"id":1471,"date":"2011-06-23T10:31:38","date_gmt":"2011-06-23T10:31:38","guid":{"rendered":"http:\/\/blogs.diariovasco.com\/eljukebox\/?p=1471"},"modified":"2011-06-23T10:31:38","modified_gmt":"2011-06-23T10:31:38","slug":"el_gobierno_se_acoge_a_la_ley_de_depende","status":"publish","type":"post","link":"https:\/\/blogs.diariovasco.com\/eljukebox\/2011\/06\/23\/el_gobierno_se_acoge_a_la_ley_de_depende\/","title":{"rendered":"El Gobierno se acoge a la ley de dependencia"},"content":{"rendered":"<p><P>Dentro de las inumerables paradojas que dejar\u00e1 como legado la Administraci\u00f3n ZP, figurar\u00e1 la de que el Gobierno que aprob\u00f3 la ley de dependencia acab\u00f3&nbsp;por convertirse en uno de sus beneficiarios.<\/P><br \/>\n<P>En este caso, el reparto de papeles otorga a PNV -con la ayuda de&nbsp;CiU en fines de semana y festivos- la tarea de ayudar a que el&nbsp;Ejecutivo central lleve una vida lo m\u00e1s autosuficiente posible, dentro de sus limitadas posibilidades, una vez descartada la muerte digna por ser a estas alturas un objetivo inalcanzable.<\/P><br \/>\n<P>La particularidad estriba en que frente a la&nbsp;cuesti\u00f3n de &#8216;\u00bfqui\u00e9n cuida al cuidador&#8217;, en este caso las enfermeras celebran cada jornada laboral como si de un festejo \u00fanico se tratara. Tras pasarse el d\u00eda prob\u00e1ndose los modelitos de la casa y viendo culebrones, rematan el d\u00eda con un entusiasta: &#8220;Nunca me hab\u00edan pagado tanto por no hacer nada&#8221;.<\/P><br \/>\n<P>En extra\u00f1a situaci\u00f3n se encuentran tambi\u00e9n los familiares -en cuanto a herederos-, del enfermo, agrupados en el PP y&nbsp;mucho m\u00e1s preocupados de que los cuidadores terminen de dilapidar los ahorros del patriarca que de su estado de salud propiamente dicho. En tanto se dilata la agon\u00eda, los allegados ruegan al enfermo resignaci\u00f3n, ense\u00f1\u00e1ndole desde el cari\u00f1o&nbsp;folletos de varias agencias que organizan viajes s\u00f3lo de ida a algunos centros en Suiza.<\/P><br \/>\n<P>Lo m\u00e1s extra\u00f1o es la propia exigencia de los populares en sacar de la cama del convaleciente a su pr\u00f3ximo rival, un tal Rubalcaba. La pregunta es para qu\u00e9 quieren liberar al multiministro de sus obligaciones en un gobierno que necesita cuidados paliativos hasta para rascarse la zona cero, m\u00e1xime cuando la medicina moderna demostr\u00f3 hace tiempo las dificultades que cualquier par\u00e1sito encuentra para vivir en el interior de un cad\u00e1ver.<\/P><\/p>\n<!-- AddThis Advanced Settings generic via filter on the_content --><!-- AddThis Share Buttons generic via filter on the_content -->","protected":false},"excerpt":{"rendered":"<p>Dentro de las inumerables paradojas que dejar\u00e1 como legado la Administraci\u00f3n ZP, figurar\u00e1 la de que el Gobierno que aprob\u00f3 la ley de dependencia acab\u00f3&nbsp;por convertirse en uno de sus beneficiarios. En este caso, el reparto de papeles otorga a PNV -con la ayuda de&nbsp;CiU en fines de semana y festivos- la tarea de ayudar [&hellip;]<!-- AddThis Advanced Settings generic via filter on get_the_excerpt --><!-- AddThis Share Buttons generic via filter on get_the_excerpt --><\/p>\n","protected":false},"author":37,"featured_media":0,"comment_status":"open","ping_status":"closed","sticky":false,"template":"","format":"standard","meta":[],"categories":[2],"tags":[5],"_links":{"self":[{"href":"https:\/\/blogs.diariovasco.com\/eljukebox\/wp-json\/wp\/v2\/posts\/1471"}],"collection":[{"href":"https:\/\/blogs.diariovasco.com\/eljukebox\/wp-json\/wp\/v2\/posts"}],"about":[{"href":"https:\/\/blogs.diariovasco.com\/eljukebox\/wp-json\/wp\/v2\/types\/post"}],"author":[{"embeddable":true,"href":"https:\/\/blogs.diariovasco.com\/eljukebox\/wp-json\/wp\/v2\/users\/37"}],"replies":[{"embeddable":true,"href":"https:\/\/blogs.diariovasco.com\/eljukebox\/wp-json\/wp\/v2\/comments?post=1471"}],"version-history":[{"count":0,"href":"https:\/\/blogs.diariovasco.com\/eljukebox\/wp-json\/wp\/v2\/posts\/1471\/revisions"}],"wp:attachment":[{"href":"https:\/\/blogs.diariovasco.com\/eljukebox\/wp-json\/wp\/v2\/media?parent=1471"}],"wp:term":[{"taxonomy":"category","embeddable":true,"href":"https:\/\/blogs.diariovasco.com\/eljukebox\/wp-json\/wp\/v2\/categories?post=1471"},{"taxonomy":"post_tag","embeddable":true,"href":"https:\/\/blogs.diariovasco.com\/eljukebox\/wp-json\/wp\/v2\/tags?post=1471"}],"curies":[{"name":"wp","href":"https:\/\/api.w.org\/{rel}","templated":true}]}}